{"id":1398,"date":"2023-02-23T17:05:26","date_gmt":"2023-02-23T17:05:26","guid":{"rendered":"https:\/\/format.asp.wroc.pl\/?p=1398"},"modified":"2023-02-23T17:05:27","modified_gmt":"2023-02-23T17:05:27","slug":"1398","status":"publish","type":"post","link":"https:\/\/format.asp.wroc.pl\/index.php\/2023\/02\/23\/1398\/","title":{"rendered":"Cz\u0142owiek vs kapitalizm. We Wroc\u0142awiu otwarto wystaw\u0119 Jaros\u0142awa Potocznego"},"content":{"rendered":"<p>[et_pb_section fb_built=&#8221;1&#8243; _builder_version=&#8221;4.16.0&#8243; _module_preset=&#8221;default&#8221; global_colors_info=&#8221;{}&#8221; theme_builder_area=&#8221;post_content&#8221;][et_pb_row _builder_version=&#8221;4.16&#8243; _module_preset=&#8221;default&#8221; custom_padding=&#8221;0px||0px|||&#8221; global_colors_info=&#8221;{}&#8221; theme_builder_area=&#8221;post_content&#8221;][et_pb_column type=&#8221;4_4&#8243; _builder_version=&#8221;4.16&#8243; _module_preset=&#8221;default&#8221; global_colors_info=&#8221;{}&#8221; theme_builder_area=&#8221;post_content&#8221;][et_pb_text _builder_version=&#8221;4.20.0&#8243; _module_preset=&#8221;default&#8221; hover_enabled=&#8221;0&#8243; global_colors_info=&#8221;{}&#8221; theme_builder_area=&#8221;post_content&#8221; sticky_enabled=&#8221;0&#8243;]<\/p>\n<p>Obrazy oraz premierowe instalacje, w tym ogrodzony elektrycznym pastuchem \u201eLabirynt\u201d, do 4 marca ogl\u0105da\u0107 mo\u017cna we wroc\u0142awskiej przestrzeni 66P. Wystawa \u201eSave as\u201d Jaros\u0142awa Potocznego w sarkastyczny spos\u00f3b komentuje kondycj\u0119 wsp\u00f3\u0142czesnego spo\u0142ecze\u0144stwa uwik\u0142anego w kapitalizm.<\/p>\n<p>\u2013 W przestrzeni wystawy znajdziecie Pa\u0144stwo niemal wszystko, czego potrzeba wsp\u00f3\u0142czesnemu cz\u0142owiekowi do przyjemnego \u017cycia: troch\u0119 wygodnej wyk\u0142adziny, du\u017co elektryczno\u015bci, neon\u00f3w, troch\u0119 \u015bwiat\u0142a, plastiku i silikonu \u2013 zaprasza \u0141ukasz Kropiowski, kurator wystawy. Dominuj\u0105ca w przestrzeni wystawy figura labiryntu staje si\u0119 sarkastyczn\u0105 metafor\u0105 \u017cycia spo\u0142ecznego widzianego jako \u201ehodowla\u201d oparta na praktykach ograniczania i formatowania obywatela. Najnowsza wystawa artysty tworzy bowiem ma\u0142o optymistyczny obraz uwik\u0142ania w zakamuflowany system ogranicze\u0144 kszta\u0142tuj\u0105cy jednostki poprzez mechanizmy wychowawcze, prawno-polityczne, ekonomiczne i kulturowe. \u201eSprowadzili\u015bmy ca\u0142e ludzkie \u017cycie do czego\u015b w rodzaju gry komputerowej, kt\u00f3ra polega na pokonywaniu labirynt\u00f3w nowych biurokracji\u201d \u2013 podsumowuje wystaw\u0119 cytat antropologa i aktywisty, Davida Graebera.<br \/>Jaros\u0142aw Potoczny (dyplom na wroc\u0142awskiej Akademii Sztuk Pi\u0119knych im. Eugeniusza Gepperta, w pracowni prof. Konrada Jarodzkiego) zajmuje si\u0119 g\u0142\u00f3wnie malarstwem, obiektem i instalacj\u0105. Interesuj\u0105 go wsp\u00f3\u0142czesna technologia, popkultura i mechanizmy socjopolityczne. Realizuje swoje prace u\u017cywaj\u0105c plastiku, ledowych \u015bwietl\u00f3wek, wyk\u0142adziny, silikonu, kabli, neon\u00f3w i folii samoprzylepnej, a wi\u0119c materia\u0142\u00f3w z biurowc\u00f3w, urz\u0119d\u00f3w, si\u0142owni czy galerii handlowych, czyli g\u0142\u00f3wnych ambasador\u00f3w \u201espo\u0142ecze\u0144stwa sukcesu\u201d. <br \/>W swojej tw\u00f3rczo\u015bci Potoczny odwo\u0142uje si\u0119 do artefakt\u00f3w znanych z historii kultury oraz wykorzystuje tkwi\u0105ce g\u0142\u0119boko w \u015bwiadomo\u015bci \u2013 wydawa\u0107 by si\u0119 mog\u0142o, \u017ce wr\u0119cz wyeksploatowane \u2013 symbole. Te kulturowe odniesienia ulegaj\u0105 w jego sztuce osobliwej degradacji \u2013 Emblematy religijne przeobra\u017caj\u0105 si\u0119 w o\u015bwietlenie biurowe i kolorowe diody, helle\u0144skie malarstwo wazowe w naklejk\u0119 na przemys\u0142owej beczce, god\u0142o narodowe w wyroby masarskie, s\u0142ynne arcydzie\u0142a w sztuczne futra i stemple. Podobnie na wystawie \u201eSave as\u201d klasyczny labirynt krete\u0144ski zamienia si\u0119 w ogrodzenie wytyczone przez system elektrycznego pastucha \u2013 m\u00f3wi Kropiowski.<\/p>\n<p>Tekst i zdj\u0119cia: materia\u0142y organizatora<\/p>\n<p>Jaros\u0142aw Potoczny. \u201eSave as\u201d<br \/>kurator: \u0141ukasz Kropiowski<br \/>66P Subiektywna Instytucja Kultury | PIEKARNIA, ul. Ksi\u0119cia Witolda 66, Wroc\u0142aw<br \/>wystawa: 26.01-4.03.2023 r. <\/p>\n<p>[\/et_pb_text][\/et_pb_column][\/et_pb_row][\/et_pb_section][et_pb_section fb_built=&#8221;1&#8243; _builder_version=&#8221;4.16.0&#8243; _module_preset=&#8221;default&#8221; custom_padding=&#8221;0px||0px|||&#8221; global_colors_info=&#8221;{}&#8221; theme_builder_area=&#8221;post_content&#8221;][et_pb_row use_custom_gutter=&#8221;on&#8221; gutter_width=&#8221;2&#8243; _builder_version=&#8221;4.16.0&#8243; _module_preset=&#8221;default&#8221; custom_padding=&#8221;0px|||||&#8221; global_colors_info=&#8221;{}&#8221; theme_builder_area=&#8221;post_content&#8221;][et_pb_column type=&#8221;4_4&#8243; _builder_version=&#8221;4.16.0&#8243; _module_preset=&#8221;default&#8221; global_colors_info=&#8221;{}&#8221; theme_builder_area=&#8221;post_content&#8221;][et_pb_gallery gallery_ids=&#8221;1401,1402,1403,1404,1405,1406,1407&#8243; posts_number=&#8221;30&#8243; show_title_and_caption=&#8221;off&#8221; show_pagination=&#8221;off&#8221; _builder_version=&#8221;4.20.0&#8243; _module_preset=&#8221;default&#8221; hover_enabled=&#8221;0&#8243; global_colors_info=&#8221;{}&#8221; theme_builder_area=&#8221;post_content&#8221; sticky_enabled=&#8221;0&#8243;][\/et_pb_gallery][\/et_pb_column][\/et_pb_row][\/et_pb_section]<\/p>\n","protected":false},"excerpt":{"rendered":"<p>Obrazy oraz premierowe instalacje, w tym ogrodzony elektrycznym pastuchem \u201eLabirynt\u201d, do 4 marca ogl\u0105da\u0107 mo\u017cna we wroc\u0142awskiej przestrzeni 66P. Wystawa \u201eSave as\u201d Jaros\u0142awa Potocznego w sarkastyczny spos\u00f3b komentuje kondycj\u0119 wsp\u00f3\u0142czesnego spo\u0142ecze\u0144stwa uwik\u0142anego w kapitalizm. \u2013 W przestrzeni wystawy znajdziecie Pa\u0144stwo niemal wszystko, czego potrzeba wsp\u00f3\u0142czesnemu cz\u0142owiekowi do przyjemnego \u017cycia: troch\u0119 wygodnej wyk\u0142adziny, du\u017co elektryczno\u015bci, neon\u00f3w, [&hellip;]<\/p>\n","protected":false},"author":1,"featured_media":1407,"comment_status":"closed","ping_status":"closed","sticky":false,"template":"","format":"standard","meta":{"_et_pb_use_builder":"on","_et_pb_old_content":"","_et_gb_content_width":"","footnotes":""},"categories":[9],"tags":[],"class_list":["post-1398","post","type-post","status-publish","format-standard","has-post-thumbnail","hentry","category-polecane"],"_links":{"self":[{"href":"https:\/\/format.asp.wroc.pl\/index.php\/wp-json\/wp\/v2\/posts\/1398","targetHints":{"allow":["GET"]}}],"collection":[{"href":"https:\/\/format.asp.wroc.pl\/index.php\/wp-json\/wp\/v2\/posts"}],"about":[{"href":"https:\/\/format.asp.wroc.pl\/index.php\/wp-json\/wp\/v2\/types\/post"}],"author":[{"embeddable":true,"href":"https:\/\/format.asp.wroc.pl\/index.php\/wp-json\/wp\/v2\/users\/1"}],"replies":[{"embeddable":true,"href":"https:\/\/format.asp.wroc.pl\/index.php\/wp-json\/wp\/v2\/comments?post=1398"}],"version-history":[{"count":3,"href":"https:\/\/format.asp.wroc.pl\/index.php\/wp-json\/wp\/v2\/posts\/1398\/revisions"}],"predecessor-version":[{"id":1409,"href":"https:\/\/format.asp.wroc.pl\/index.php\/wp-json\/wp\/v2\/posts\/1398\/revisions\/1409"}],"wp:featuredmedia":[{"embeddable":true,"href":"https:\/\/format.asp.wroc.pl\/index.php\/wp-json\/wp\/v2\/media\/1407"}],"wp:attachment":[{"href":"https:\/\/format.asp.wroc.pl\/index.php\/wp-json\/wp\/v2\/media?parent=1398"}],"wp:term":[{"taxonomy":"category","embeddable":true,"href":"https:\/\/format.asp.wroc.pl\/index.php\/wp-json\/wp\/v2\/categories?post=1398"},{"taxonomy":"post_tag","embeddable":true,"href":"https:\/\/format.asp.wroc.pl\/index.php\/wp-json\/wp\/v2\/tags?post=1398"}],"curies":[{"name":"wp","href":"https:\/\/api.w.org\/{rel}","templated":true}]}}