{"id":2627,"date":"2023-11-21T10:47:31","date_gmt":"2023-11-21T10:47:31","guid":{"rendered":"https:\/\/format.asp.wroc.pl\/?p=2627"},"modified":"2023-11-21T10:47:33","modified_gmt":"2023-11-21T10:47:33","slug":"2627","status":"publish","type":"post","link":"https:\/\/format.asp.wroc.pl\/index.php\/2023\/11\/21\/2627\/","title":{"rendered":"Wszystko co widz\u0119 jest Twoj\u0105 projekcj\u0105. wystawa Olgi Dmowskiej w Centrum Sztuki Galeria EL"},"content":{"rendered":"<p>[et_pb_section fb_built=&#8221;1&#8243; _builder_version=&#8221;4.16.0&#8243; _module_preset=&#8221;default&#8221; custom_padding=&#8221;4px|||||&#8221; global_colors_info=&#8221;{}&#8221; theme_builder_area=&#8221;post_content&#8221;][et_pb_row _builder_version=&#8221;4.16&#8243; _module_preset=&#8221;default&#8221; custom_padding=&#8221;0px||0px|||&#8221; global_colors_info=&#8221;{}&#8221; theme_builder_area=&#8221;post_content&#8221;][et_pb_column type=&#8221;4_4&#8243; _builder_version=&#8221;4.16&#8243; _module_preset=&#8221;default&#8221; global_colors_info=&#8221;{}&#8221; theme_builder_area=&#8221;post_content&#8221;][et_pb_text _builder_version=&#8221;4.23.1&#8243; _module_preset=&#8221;default&#8221; hover_enabled=&#8221;0&#8243; global_colors_info=&#8221;{}&#8221; theme_builder_area=&#8221;post_content&#8221; sticky_enabled=&#8221;0&#8243;]<\/p>\n<p>Wystawa \u201eWszystko co widz\u0119 jest Twoj\u0105 projekcj\u0105\u201d przedstawia tw\u00f3rczo\u015b\u0107 Olgi Dmowskiej, artystki, kt\u00f3ra jest wyj\u0105tkowa nie tylko ze wzgl\u0119du na wizualn\u0105 wyrazisto\u015b\u0107 swoich prac, lecz r\u00f3wnie\u017c z uwagi na radykalizm projektu egzystencjalnego, kt\u00f3ry realizuje w ramach sztuki.<\/p>\n<p>Ekspozycja zbudowana z dw\u00f3ch zespo\u0142\u00f3w prac. Na jeden sk\u0142adaj\u0105 si\u0119 inscenizowane fotografie b\u0119d\u0105ce zapisami performatywnych gest\u00f3w, eksperyment\u00f3w artystki z cia\u0142em i to\u017csamo\u015bci\u0105. W ostatnich latach Dmowska niemal zupe\u0142nie porzuci\u0142a robienie zdj\u0119\u0107 na rzecz malarstwa; to z niego jest znana obecnie i w\u0142a\u015bnie obrazy, g\u0142\u00f3wnie najnowsze, stanowi\u0105 zasadnicz\u0105 cz\u0119\u015b\u0107 wystawy. Fotografie, z kt\u00f3rych wiele nie by\u0142o do tej pory publicznie pokazywanych, rzucaj\u0105 jednak na malarstwo Dmowskiej \u015bwiat\u0142o, w kt\u00f3rym wyra\u017aniej rysuje si\u0119 specyfika prowadzonego przez artystk\u0119 przedsi\u0119wzi\u0119cia niemieszcz\u0105cego si\u0119 do ko\u0144ca ani w ramach konwencji artystycznych, ani, tym bardziej, w ramach sztuki poj\u0119tej jako praktyka wytwarzania artefakt\u00f3w.<\/p>\n<p>Istot\u0119 tego przedsi\u0119wzi\u0119cia mo\u017cna opisa\u0107 jako prac\u0119 nad stawaniem si\u0119 sob\u0105. Realizacje artystyczne \u2013 zdj\u0119cia i, w jeszcze wi\u0119kszym stopniu obrazy malarskie \u2013 s\u0105 echem tego procesu, daj\u0105c jednocze\u015bnie wgl\u0105d w jego przebieg.<\/p>\n<p>Bycie sob\u0105, zamiast kim\u015b (innym), prowadzi do nieuniknionej polemiki z obowi\u0105zuj\u0105cymi wzorcami kulturowymi, a nawet z sam\u0105 kultur\u0105 poj\u0119t\u0105 jako \u201e\u017ar\u00f3d\u0142o cierpie\u0144\u201d. Na sztuk\u0119 Olgi Dmowskiej mo\u017cna spojrze\u0107 jak na figur\u0119 tego sporu.<\/p>\n<p>W obliczu obraz\u00f3w Dmowskiej jako punkt odniesienia przychodzi na my\u015bl tradycja art brut. Rozwijaj\u0105c swoj\u0105 malarsk\u0105 praktyk\u0119, artystka nie mia\u0142a jednak intencji prowadzenia dialogu z t\u0105 artystyczn\u0105 formacj\u0105. Z art brut \u0142\u0105czy j\u0105 tyle, \u017ce podobnie jak tworz\u0105cy pod tym szyldem arty\u015bci z lat 40. i 50 XX wieku, ona tak\u017ce w pewnym sensie pragnie \u2013 i potrzebuje \u2013 wymy\u015bli\u0107 malarstwo od nowa. Siatka historycznych odniesie\u0144 nie ma zatem kluczowego znaczenia dla odczytania jej obraz\u00f3w. Klucza do ich odbioru powinni\u015bmy szuka\u0107 przed czy te\u017c raczej poza histori\u0105 sztuki.<\/p>\n<p>Podobnie jest z fotografiami Dmowskiej. Kojarz\u0105 si\u0119 one ze sztuk\u0105 cia\u0142a; w sensie ikonograficznym w niekt\u00f3rych z nich mo\u017cna si\u0119 dos\u0142ucha\u0107 echa rytua\u0142\u00f3w wiede\u0144skich akcjonist\u00f3w. Te tropy nie s\u0105 zupe\u0142nie myl\u0105ce, w tym sensie, \u017ce cia\u0142o istotnie jest tu zasadniczym medium, za\u015b praktyki performatywne \u2013 przebieranie, maskowanie, odgrywanie scen, reenactement \u2013 s\u0142u\u017c\u0105 za narz\u0119dzia pracy z cielesno\u015bci\u0105. Seksualno\u015b\u0107, aluzje do przemocy i sadomasochistyczne wyobra\u017cenia stanowi\u0105 powracaj\u0105ce motywy w tych inscenizacjach. R\u00f3wnie cz\u0119sto przewija si\u0119 w\u0105tek uprzedmiotowienia cia\u0142a; wyst\u0119puj\u0105ca na fotografiach posta\u0107 cz\u0119sto bywa sprowadzona do statusu (\u017cywej) lalki. Ma ona najcz\u0119\u015bciej \u2013 cho\u0107 nie zawsze \u2013 twarz samej artystki; znakomita wi\u0119kszo\u015b\u0107 prac fotograficznych to autoportrety.<\/p>\n<p>Je\u017celi fotografie Dmowskiej s\u0105 zapisem pewnego procesu, to jej malarstwo stanowi jego kontynuacj\u0119, ale r\u00f3wnie\u017c poszerzenie i przeniesienie w nowy etap.<\/p>\n<p><strong>Olga Dmowska<\/strong> jest absolwentk\u0105 filozofii; malowa\u0107 zacz\u0119\u0142a jako doros\u0142a osoba, nauk\u0119 na Wydziale Sztuki Medi\u00f3w warszawskiej ASP rozpocz\u0119\u0142a po trzydziestce. To w\u0142a\u015bnie tam zwr\u00f3ci\u0142a na sobie uwag\u0119 jako malarka \u2013 utalentowana, a zarazem osobna w tym sensie, \u017ce pracuj\u0105ca poza jak\u0105kolwiek ustalon\u0105 konwencj\u0105. Jej malarstwo, gwa\u0142towne, ekspresyjne, oparte na zuchwa\u0142ym, wr\u0119cz heretyckim sposobie zestawiania kolor\u00f3w, by\u0142o \u2013 i wci\u0105\u017c pozostaje \u2013 antytez\u0105 sztuki akademickiej. Obecna jest w nim energia sztuki prymitywnej, kt\u00f3rej nie nale\u017cy jednak myli\u0107 z kategori\u0105 tw\u00f3rczo\u015bci naiwnej. Sztuk\u0119 Olgi Dmowskiej pocz\u0105tkowo osadzano w kontek\u015bcie jej osobistej traumy, przemocy, kt\u00f3rej do\u015bwiadcza\u0142a w dzieci\u0144stwie i wczesnej m\u0142odo\u015bci. Wystawa \u201eWszystko co widz\u0119 jest Twoj\u0105 projekcj\u0105\u201d jest propozycj\u0105 wyj\u015bcia poza w\u0105sk\u0105, biograficzn\u0105 \u015bcie\u017ck\u0119 interpretacyjn\u0105, w stron\u0119 spojrzenia na sztuk\u0119 Dmowskiej nie tylko i nie przede wszystkim jako platform\u0119 przepracowywania przesz\u0142o\u015bci, lecz przeciwnie \u2013 jako praktyk\u0119 jej przekraczania.<\/p>\n<p>Tekst i zdj\u0119cia: materia\u0142y organizatora<\/p>\n<p>Tekst i kurator: Stach Szab\u0142owski<br \/>30.11.2023 &#8211; 28.01.2024<br \/>Centrum Sztuki Galeria EL w Elbl\u0105gu<\/p>\n<p>&nbsp;<\/p>\n<p>[\/et_pb_text][\/et_pb_column][\/et_pb_row][\/et_pb_section][et_pb_section fb_built=&#8221;1&#8243; _builder_version=&#8221;4.16.0&#8243; _module_preset=&#8221;default&#8221; custom_padding=&#8221;0px||0px|||&#8221; global_colors_info=&#8221;{}&#8221; theme_builder_area=&#8221;post_content&#8221;][et_pb_row use_custom_gutter=&#8221;on&#8221; gutter_width=&#8221;2&#8243; _builder_version=&#8221;4.16.0&#8243; _module_preset=&#8221;default&#8221; custom_padding=&#8221;0px|||||&#8221; global_colors_info=&#8221;{}&#8221; theme_builder_area=&#8221;post_content&#8221;][et_pb_column type=&#8221;4_4&#8243; _builder_version=&#8221;4.16.0&#8243; _module_preset=&#8221;default&#8221; global_colors_info=&#8221;{}&#8221; theme_builder_area=&#8221;post_content&#8221;][et_pb_gallery gallery_ids=&#8221;2630,2631,2632&#8243; posts_number=&#8221;40&#8243; show_title_and_caption=&#8221;off&#8221; show_pagination=&#8221;off&#8221; _builder_version=&#8221;4.23.1&#8243; _module_preset=&#8221;default&#8221; hover_enabled=&#8221;0&#8243; global_colors_info=&#8221;{}&#8221; theme_builder_area=&#8221;post_content&#8221; sticky_enabled=&#8221;0&#8243;][\/et_pb_gallery][\/et_pb_column][\/et_pb_row][\/et_pb_section]<\/p>\n","protected":false},"excerpt":{"rendered":"<p>Wystawa \u201eWszystko co widz\u0119 jest Twoj\u0105 projekcj\u0105\u201d przedstawia tw\u00f3rczo\u015b\u0107 Olgi Dmowskiej, artystki, kt\u00f3ra jest wyj\u0105tkowa nie tylko ze wzgl\u0119du na wizualn\u0105 wyrazisto\u015b\u0107 swoich prac, lecz r\u00f3wnie\u017c z uwagi na radykalizm projektu egzystencjalnego, kt\u00f3ry realizuje w ramach sztuki. Ekspozycja zbudowana z dw\u00f3ch zespo\u0142\u00f3w prac. Na jeden sk\u0142adaj\u0105 si\u0119 inscenizowane fotografie b\u0119d\u0105ce zapisami performatywnych gest\u00f3w, eksperyment\u00f3w artystki [&hellip;]<\/p>\n","protected":false},"author":1,"featured_media":2631,"comment_status":"closed","ping_status":"closed","sticky":false,"template":"","format":"standard","meta":{"_et_pb_use_builder":"on","_et_pb_old_content":"","_et_gb_content_width":"","footnotes":""},"categories":[9],"tags":[],"class_list":["post-2627","post","type-post","status-publish","format-standard","has-post-thumbnail","hentry","category-polecane"],"_links":{"self":[{"href":"https:\/\/format.asp.wroc.pl\/index.php\/wp-json\/wp\/v2\/posts\/2627","targetHints":{"allow":["GET"]}}],"collection":[{"href":"https:\/\/format.asp.wroc.pl\/index.php\/wp-json\/wp\/v2\/posts"}],"about":[{"href":"https:\/\/format.asp.wroc.pl\/index.php\/wp-json\/wp\/v2\/types\/post"}],"author":[{"embeddable":true,"href":"https:\/\/format.asp.wroc.pl\/index.php\/wp-json\/wp\/v2\/users\/1"}],"replies":[{"embeddable":true,"href":"https:\/\/format.asp.wroc.pl\/index.php\/wp-json\/wp\/v2\/comments?post=2627"}],"version-history":[{"count":3,"href":"https:\/\/format.asp.wroc.pl\/index.php\/wp-json\/wp\/v2\/posts\/2627\/revisions"}],"predecessor-version":[{"id":2636,"href":"https:\/\/format.asp.wroc.pl\/index.php\/wp-json\/wp\/v2\/posts\/2627\/revisions\/2636"}],"wp:featuredmedia":[{"embeddable":true,"href":"https:\/\/format.asp.wroc.pl\/index.php\/wp-json\/wp\/v2\/media\/2631"}],"wp:attachment":[{"href":"https:\/\/format.asp.wroc.pl\/index.php\/wp-json\/wp\/v2\/media?parent=2627"}],"wp:term":[{"taxonomy":"category","embeddable":true,"href":"https:\/\/format.asp.wroc.pl\/index.php\/wp-json\/wp\/v2\/categories?post=2627"},{"taxonomy":"post_tag","embeddable":true,"href":"https:\/\/format.asp.wroc.pl\/index.php\/wp-json\/wp\/v2\/tags?post=2627"}],"curies":[{"name":"wp","href":"https:\/\/api.w.org\/{rel}","templated":true}]}}