{"id":3643,"date":"2024-05-06T09:57:49","date_gmt":"2024-05-06T09:57:49","guid":{"rendered":"https:\/\/format.asp.wroc.pl\/?p=3643"},"modified":"2024-05-06T09:58:44","modified_gmt":"2024-05-06T09:58:44","slug":"3643","status":"publish","type":"post","link":"https:\/\/format.asp.wroc.pl\/index.php\/2024\/05\/06\/3643\/","title":{"rendered":"Kulturalne woja\u017ce po Lombardii. GAMeC"},"content":{"rendered":"<p>[et_pb_section fb_built=&#8221;1&#8243; _builder_version=&#8221;4.16.0&#8243; _module_preset=&#8221;default&#8221; custom_padding=&#8221;4px|||||&#8221; global_colors_info=&#8221;{}&#8221; theme_builder_area=&#8221;post_content&#8221;][et_pb_row _builder_version=&#8221;4.16&#8243; _module_preset=&#8221;default&#8221; custom_padding=&#8221;0px||0px|||&#8221; global_colors_info=&#8221;{}&#8221; theme_builder_area=&#8221;post_content&#8221;][et_pb_column type=&#8221;4_4&#8243; _builder_version=&#8221;4.16&#8243; _module_preset=&#8221;default&#8221; global_colors_info=&#8221;{}&#8221; theme_builder_area=&#8221;post_content&#8221;][et_pb_text _builder_version=&#8221;4.25.0&#8243; _module_preset=&#8221;default&#8221; hover_enabled=&#8221;0&#8243; global_colors_info=&#8221;{}&#8221; theme_builder_area=&#8221;post_content&#8221; sticky_enabled=&#8221;0&#8243;]<\/p>\n<p>Typowy turysta l\u0105duje na Orio al Serio Bergamo, wysiada z samolotu i udaje si\u0119 na wycieczk\u0119 do s\u0142ynnej, otoczonej weneckimi murami, urokliwej Citt\u00e0 Alta<a href=\"#_ftn1\" name=\"_ftnref1\"><span>[1]<\/span><\/a>. Tam pod\u0105\u017ca za gwarem i\u00a0t\u0142umem, objadaj\u0105c si\u0119 lokalnymi przysmakami. Niestrudzony, \u017c\u0105dny wra\u017ce\u0144 eksplorator zostawia na p\u00f3\u017aniej wszelakie cielesne uciechy i godnie wita si\u0119 z Itali\u0105. Odwiedza miejsce wysublimowane, po\u0142o\u017cone zaledwie pi\u0119\u0107 kilometr\u00f3w od lotniska. Dzi\u0119ki temu wpisowi wie, gdzie takie znale\u017a\u0107.<\/p>\n<p>W dzielnicy sztuki w dolnym Bergamo<a href=\"#_ftn2\" name=\"_ftnref2\"><span>[2]<\/span><\/a>, naprzeciwko neoklasycystycznego budynku Accademia Carrara, znajduje si\u0119 rozleg\u0142y kompleks dawnego pi\u0119tnastowiecznego klasztoru. To dzisiejsza siedziba Galerii Sztuki Nowoczesnej i Wsp\u00f3\u0142czesnej GAMeC. Obiekt pod koniec zesz\u0142ego stulecia przeszed\u0142 gruntown\u0105 renowacj\u0119, zachowuj\u0105c oryginaln\u0105 szat\u0119 architektoniczn\u0105 oraz klimat. Jego d\u0142uga fasada z kamienia i ceg\u0142y zwr\u00f3cona jest w stron\u0119 g\u0142\u00f3wnego placu. Historyczne przestronne wn\u0119trza zachwycaj\u0105 detalami architektury, kamiennymi sklepieniami i\u00a0oryginaln\u0105 drewnian\u0105 konstrukcj\u0105, zapewniaj\u0105c jednocze\u015bnie doskona\u0142y odbi\u00f3r sztuki.<\/p>\n<p>Historia GAMeC to wielka tradycja patronatu Bergamo, obejmuj\u0105ca trzydzie\u015bci trzy lata promocji dziedzictwa Akademia Carrara<a href=\"#_ftn3\" name=\"_ftnref3\"><span>[3]<\/span><\/a>. Muzeum mo\u017ce poszczyci\u0107 si\u0119 zbiorem oko\u0142o trzech tysi\u0119cy dzie\u0142 sztuki nabytych lub przekazanych miastu przez prywatnych kolekcjoner\u00f3w. W\u00a0sta\u0142ych zasobach galerii znajdziemy dzie\u0142a dwudziestowiecznych artyst\u00f3w w\u0142oskich i\u00a0zagranicznych, takich jak Boccioni, Balla, Morandi, Manz\u00f9, Campigli, Casorati, Savinio, De Chirico, De Pisis, Sironi, Kandinsky, Richter, Sutherland, Baj czy Burri. Dzia\u0142alno\u015b\u0107 GAMeC to r\u00f3wnie\u017c aktywna promocja sztuki wsp\u00f3\u0142czesnej. Prace prezentowane s\u0105 rotacyjnie wed\u0142ug r\u00f3\u017cnych kryteri\u00f3w i \u015bcie\u017cek tematycznych. Cz\u0119sto narracje poszczeg\u00f3lnych wystaw po\u015bwi\u0119cone s\u0105 konkretnym nurtom, ruchom lub okre\u015blonym artystycznym osobowo\u015bciom. GAMeC jest wa\u017cnym punktem odniesienia dla sztuki na poziomie globalnym, dzi\u0119ki aktywnej wsp\u00f3\u0142pracy i\u00a0integracji kulturowej z nast\u0119puj\u0105cymi o\u015brodkami: <a href=\"https:\/\/smak.be\/\">SMAK<\/a> (Stedelijk Museum voor Actuele Kunst) w Gandawie, <a href=\"https:\/\/www.fmirobcn.org\/es\/\">Fundaci\u00f3 Joan Mir\u00f3<\/a> w Barcelonie, <a href=\"http:\/\/www.proa.org\/esp\/\">Fundaci\u00f3n PROA<\/a> w Buenos Aires, <a href=\"https:\/\/www.kunsthaus-bregenz.at\/\">Kunsthaus Bregenz<\/a> w Austrii, <a href=\"https:\/\/www.centrepompidou.fr\/en\/\">Centre Pompidou<\/a> w Pary\u017cu, <a href=\"https:\/\/www.ciapvassiviere.org\/home\">CIAP<\/a> (Centre International d\u2019Art et du Paysage) we Francji czy <a href=\"https:\/\/malmokonsthall.se\/\">Malm\u00f6 Konsthall<\/a> w Szwecji. To dynamicznie rozwijaj\u0105ce si\u0119 miejsce jest w ci\u0105g\u0142ej ewolucji. Bogaty i niezmiennie zaskakuj\u0105cy program zaspokoi najbardziej wyszukany gust. Ten, kto naprawd\u0119 chce poczu\u0107 ducha Italii, by\u0107 cz\u0119\u015bci\u0105 artystycznej wsp\u00f3lnoty, pog\u0142\u0119bi\u0107 swoj\u0105 wiedz\u0119 i prze\u017cy\u0107 prawdziw\u0105 przygod\u0119, musi koniecznie z\u0142o\u017cy\u0107 wizyt\u0119 w GAMeC.<\/p>\n<p>Do budynku mo\u017cna wej\u015b\u0107 bezpo\u015brednio od strony placu. Wewn\u0119trzny dziedziniec pozwala w\u00a0pe\u0142ni uchwyci\u0107 ogrom budowli, kt\u00f3r\u0105 podkre\u015bla umieszczona tu\u017c przed wej\u015bciem, monumentalna rze\u017aba kochank\u00f3w autorstwa Giacoma Manz\u00f9.<\/p>\n<p>Ambitny eksplorator przywita si\u0119 z przemi\u0142\u0105 obs\u0142ug\u0105, zakupi bilet i zostawi walizk\u0119 (lub odzienie wierzchnie) w pomieszczeniu monitorowanym, pe\u0142ni\u0105cym funkcj\u0119 szatni. Na zwiedzanie ekspozycji powinno mu wystarczy\u0107 oko\u0142o dw\u00f3ch godzin.<\/p>\n<p>Od 10 lutego 2024 roku GAMeC prezentuje publiczno\u015bci wystaw\u0119 <em>Una Galleria, Tante Collezioni<\/em> (Jedna galeria, wiele kolekcji). To bezprecedensowa ekspozycja wyselekcjonowanych stu pi\u0119\u0107dziesi\u0119ciu dzie\u0142 ze zbior\u00f3w muzeum, kt\u00f3re w do\u015b\u0107 wyszukany spos\u00f3b ukazuj\u0105 eklektyzm sztuki nowoczesnej i wsp\u00f3\u0142czesnej. Wystawa pozostanie do dyspozycji ogl\u0105daj\u0105cych przez d\u0142u\u017cszy czas. Wraz z programem \u201eThink Like a Mountain\u201d przez najbli\u017csze dwa lata anga\u017cowa\u0107 b\u0119dzie miasto Bergamo i jego najbli\u017csze okolice w projekty interdyscyplinarne realizowane we wsp\u00f3\u0142pracy z artystami oraz lokaln\u0105 spo\u0142eczno\u015bci\u0105. Poniewa\u017c muzeum ma w planach przeniesienie si\u0119 do nowej siedziby \u2013 w\u0142a\u015bnie odbywa si\u0119 wizjonerska transformacja pobliskiego Palazzetto dello Sport (gigantyczna inwestycja w rewitalizacj\u0119 obszaru obiektu sportowego wraz z\u00a0rozbudow\u0105 parku Suardi) \u2013 narracja wystawy bezpo\u015brednio odnosi si\u0119 do tej \u201eprzeprowadzki\u201d. Dziewi\u0119\u0107 sal (bez porz\u0105dku chronologii) zaprezentuje nam dialog konceptu i estetyki w\u0142oskich oraz mi\u0119dzynarodowych mistrz\u00f3w XX wieku z interpretacj\u0105 rzeczywisto\u015bci wyra\u017can\u0105 przez dzie\u0142a wsp\u00f3\u0142czesnych tw\u00f3rc\u00f3w.<\/p>\n<p>Ju\u017c na pierwszym przystanku \u015bcie\u017cki czeka niespodzianka. Kto interesuje si\u0119 dzia\u0142alno\u015bci\u0105 artystyczn\u0105, ten s\u0142ysza\u0142 o programie rezydencji prowadzonym przez Muzeum Narodowe w Warszawie i projekcie <a href=\"https:\/\/www.mnw.art.pl\/projekty\/wydarzenia-kulturalne\/mediacje-perfomatywne\/rezydencje\/\">Mediacje Performatywne<\/a> z udzia\u0142em Chiary Bersani<a href=\"#_ftn4\" name=\"_ftnref4\"><span>[4]<\/span><\/a>. Artystka przez w\u0142asne niepe\u0142nosprawne cia\u0142o wyra\u017ca problematyk\u0119 to\u017csamo\u015bci i bezbronno\u015bci, rozumianych zar\u00f3wno w wymiarze subiektywnym, jak i w kontek\u015bcie wsp\u00f3lnej kondycji cz\u0142owieka \u2013 natury.<\/p>\n<p>Rozpoczynaj\u0105c spotkanie z dzie\u0142em Chiary, nale\u017cy za\u0142o\u017cy\u0107 \u201eochronne muzealne papcie\u201d i usi\u0105\u015b\u0107 nisko na mi\u0119kkim dywanie, porzucaj\u0105c tym samym butn\u0105 pozycj\u0119 pionow\u0105. Artystka zaprasza w\u00a0ten spos\u00f3b do przyj\u0119cia odmiennej perspektywy, zadaj\u0105c intryguj\u0105ce pytanie o to, czy we wsp\u00f3lnocie z innymi cia\u0142ami<a href=\"#_ftn5\" name=\"_ftnref5\"><span>[5]<\/span><\/a> mo\u017cemy budowa\u0107 sojusze i odnajdywa\u0107 poczucie bezpiecze\u0144stwa. Prac\u0119 <em>Dezerterzy<\/em><a href=\"#_ftn6\" name=\"_ftnref6\"><span>[6]<\/span><\/a> uzupe\u0142nia audiodeskrypcja w j\u0119zyku w\u0142oskim i angielskim, stworzona przez Camill\u0119 Guarino:<\/p>\n<p>&nbsp;<\/p>\n<p><em>Na ziemi kwadratowy gobelin o wymiarach sze\u015b\u0107 metr\u00f3w na sze\u015b\u0107<\/em><\/p>\n<p><em>Po jego obu stronach dwumetrowe fr\u0119dzle<\/em><\/p>\n<p><em>Kolorystyka zaczerpni\u0119ta z tradycji \u015bredniowiecznej <\/em><\/p>\n<p><em>W tle materia\u0142owe ramy, mi\u0119kkie, g\u0119ste<\/em><\/p>\n<p><em>Zarysowane kontury ludzi splecionych ze sob\u0105 <\/em><\/p>\n<p><em>Trzy nagie postaci z wyrytymi na cia\u0142ach historiami<\/em><\/p>\n<p><em>Oplecione wok\u00f3\u0142 nich z\u0142ote pn\u0105cze, bez pocz\u0105tku i ko\u0144ca <\/em><\/p>\n<p><em>Centrum zamieszkane przez ro\u015blin\u0119<\/em><\/p>\n<p><em>Ro\u015bnie bujnie, aby m\u00f3c si\u0119 w niej zanurzy\u0107<\/em><\/p>\n<p><em>[\u2026]<\/em><\/p>\n<p><em>Nieustaj\u0105cy, harmonijny skurcz bioder <\/em><\/p>\n<p><em>Pozbawiona przedramienia ko\u0144czyna <\/em><\/p>\n<p><em>Niesie helle\u0144skie pn\u0105cze <\/em><\/p>\n<p><em>jak pokor\u0119<\/em><\/p>\n<p><em>Zdeformowany tors<\/em><\/p>\n<p>&nbsp;<\/p>\n<p>Ta sensualna interakcja wykracza daleko poza do\u015bwiadczenie estetyczne, staj\u0105c si\u0119 sposobem na pobudzenie innych obszar\u00f3w wra\u017cliwo\u015bci. Relacja z artystyczn\u0105 wizj\u0105 nie jest te\u017c racjonalna czy filozoficzna. Przybiera raczej form\u0119 subtelnego porozumienia.<\/p>\n<p>Dociekliwy eksplorator wyruszy dalej, podekscytowany w\u0142asn\u0105 ciekawo\u015bci\u0105. Ka\u017cda kolejna ods\u0142ona wystawy b\u0119dzie jak nowa wyprawa, kt\u00f3ra niesie rado\u015b\u0107 odkrywania. Pozwala odczuwa\u0107 i\u00a0podejmowa\u0107 pr\u00f3by zrozumienia r\u00f3\u017cnorodno\u015bci j\u0119zyk\u00f3w, styl\u00f3w, pr\u0105d\u00f3w oraz perspektyw, jakie kryj\u0105 si\u0119 w gustach kolekcjoner\u00f3w, kuratorskich wizjach czy artystycznych badaniach<a href=\"#_ftn7\" name=\"_ftnref7\"><span>[7]<\/span><\/a>. Poniewa\u017c sztuka i nauka m\u00f3wi\u0105 dzi\u015b jednym g\u0142osem, architektura \u0142\u0105czy si\u0119 z biologi\u0105 w\u00a0symbiotycznym zwi\u0105zku, a przestrze\u0144, ludzie i \u015brodowisko s\u0105 \u015bci\u015ble powi\u0105zani.<\/p>\n<p>Uwa\u017cny eksplorator doceni te\u017c pomys\u0142 Maurizio Bosa, kt\u00f3ry opracowuj\u0105c koncepcj\u0119 wystawy, \u201ewypakowa\u0142\u201d obrazy i rze\u017aby z magazyn\u00f3w, \u201ewystawiaj\u0105c je na pokaz\u201d. Wy\u0142o\u017cy\u0142 na p\u00f3\u0142ki z surowego drewna i ustawi\u0142 po\u015br\u00f3d otwartych pude\u0142 i skrzy\u0144, tworz\u0105c intryguj\u0105c\u0105 aran\u017cacj\u0119, dalek\u0105 od muzealnych standard\u00f3w, do jakich przywykli\u015bmy.<\/p>\n<p>Wiele kolekcji w jednym muzeum, kt\u00f3re dzi\u0119ki interdyscyplinarnej wizji nowoczesnej instytucji konstruuje obraz naszej epoki. Pomaga czyta\u0107, interpretowa\u0107 i opowiada\u0107 rzeczywisto\u015b\u0107, wskazuj\u0105c na ponadczasow\u0105 prawd\u0119 wyj\u0105tkowych dzie\u0142 stanowi\u0105cych punkt r\u00f3wnowagi, pomi\u0119dzy niczym i wszystkim.<\/p>\n<p>&nbsp;<\/p>\n<p>&nbsp;<\/p>\n<p><a href=\"#_ftnref1\" name=\"_ftn1\"><span>[1]<\/span><\/a> \u015aredniowieczna per\u0142a Lombardii, stanowi\u0105ca najstarsz\u0105 cz\u0119\u015b\u0107 miasta Bergamo. Znajduje si\u0119 na wzg\u00f3rzu, z kt\u00f3rego rozpo\u015bciera si\u0119 widok na pobliskie Alpy. Kryje cuda architektury sakralnej, zamki oraz wpisane na list\u0119 UNESCO mury weneckie o d\u0142ugo\u015bci ponad 6 kilometr\u00f3w.<\/p>\n<p><a href=\"#_ftnref2\" name=\"_ftn2\"><span>[2]<\/span><\/a> W dzielnicy znajduj\u0105 si\u0119 Akademia Sztuk Pi\u0119knych, Pinacoteca di Arte Antica oraz Galleria di Arte Moderna e Contemporanea di Bergamo (GAMeC), mieszcz\u0105ca si\u0119 w dawnym Monastero delle Dimesse e delle Servite.<\/p>\n<p><a href=\"#_ftnref3\" name=\"_ftn3\"><span>[3]<\/span><\/a> Accademia Carrara, za\u0142o\u017cona w XVIII wieku przez mecenasa sztuki hrabiego Giacoma Carrar\u0119, jest uwa\u017cana za jedn\u0105 z wa\u017cniejszych kolekcji sztuki w\u0142oskiej w Europie i obejmuje okres od pocz\u0105tku XV do ko\u0144ca XIX wieku. Kolekcja zawiera arcydzie\u0142a takich tw\u00f3rc\u00f3w, jak Pisanello, Mantegna, Giovanni Bellini, Botticelli, Rafael, Tycjan, Lotto czy Giovanni Battista Moroni.<\/p>\n<p><a href=\"#_ftnref4\" name=\"_ftn4\"><span>[4]<\/span><\/a> W\u0142oska performerka, autorka dzia\u0142aj\u0105ca w dziedzinie sztuk performatywnych, teatru badawczego oraz ta\u0144ca wsp\u00f3\u0142czesnego, t\u0142umaczka, re\u017cyserka, choreografka pracuj\u0105ca z cia\u0142em i wykorzystuj\u0105ca r\u00f3\u017cne j\u0119zyki oraz wizje.<\/p>\n<p><a href=\"#_ftnref5\" name=\"_ftn5\"><span>[5]<\/span><\/a> Cia\u0142o\/cielesno\u015b\u0107 \u2013 tu rozumiane jako jeden z wa\u017cniejszych temat\u00f3w wsp\u00f3\u0142czesnej humanistyki, w r\u00f3\u017cnych kontekstach: spo\u0142ecznych, kulturowych oraz politycznych.<\/p>\n<p><a href=\"#_ftnref6\" name=\"_ftn6\"><span>[6]<\/span><\/a> Tytu\u0142 pracy nawi\u0105zuje do s\u0142\u00f3w Virginii Woolf z eseju <em>On Being Ill<\/em> (1926), wed\u0142ug kt\u00f3rych w chorobie \u201eprzestajemy by\u0107 \u017co\u0142nierzami w armii prawych; stajemy si\u0119 dezerterami\u201d.<\/p>\n<p><a href=\"#_ftnref7\" name=\"_ftn7\"><span>[7]<\/span><\/a> Na wystawie prezentowane s\u0105 prace, kt\u00f3re trafi\u0142y do kolekcji w ramach projekt\u00f3w, jakie GAMeC rozwija\u0142 w ostatnich latach dzi\u0119ki wsparciu Ministerstwa Kultury, Italian Council \u2013 programu mi\u0119dzynarodowej promocji sztuki w\u0142oskiej, oraz PAC \u2013 Piano per l\u2019Arte Contemporanea, kt\u00f3ry przeznacza fundusze na powi\u0119kszanie w\u0142oskich kolekcji publicznych.<\/p>\n<p>&nbsp;<\/p>\n<p><strong>Galleria di Arte Moderna e Contemporanea di Bergamo (GAMeC)<\/strong>, Via San Tommaso, 53 Bergamo<\/p>\n<p>Tekst: Zyta Misztal von Blechinger<\/p>\n<p>Zdj\u0119cia: Marek Misztal von Blechinger<\/p>\n<p>[\/et_pb_text][\/et_pb_column][\/et_pb_row][\/et_pb_section][et_pb_section fb_built=&#8221;1&#8243; _builder_version=&#8221;4.16.0&#8243; _module_preset=&#8221;default&#8221; custom_padding=&#8221;0px||0px|||&#8221; global_colors_info=&#8221;{}&#8221; theme_builder_area=&#8221;post_content&#8221;][et_pb_row use_custom_gutter=&#8221;on&#8221; gutter_width=&#8221;2&#8243; _builder_version=&#8221;4.16.0&#8243; _module_preset=&#8221;default&#8221; custom_padding=&#8221;0px|||||&#8221; global_colors_info=&#8221;{}&#8221; theme_builder_area=&#8221;post_content&#8221;][et_pb_column type=&#8221;4_4&#8243; _builder_version=&#8221;4.16.0&#8243; _module_preset=&#8221;default&#8221; global_colors_info=&#8221;{}&#8221; theme_builder_area=&#8221;post_content&#8221;][et_pb_gallery gallery_ids=&#8221;3645,3646,3647,3648,3649,3650,3651,3652,3653,3654,3655,3656,3657,3658,3659,3660,3661,3662,3663,3664,3665,3666,3667,3668,3669,3670,3671,3672,3673,3674,3675,3676,3677,3678,3679,3680,3681,3682,3683,3684,3685&#8243; posts_number=&#8221;40&#8243; show_title_and_caption=&#8221;off&#8221; show_pagination=&#8221;off&#8221; _builder_version=&#8221;4.25.0&#8243; _module_preset=&#8221;default&#8221; custom_margin=&#8221;||20px|||&#8221; hover_enabled=&#8221;0&#8243; global_colors_info=&#8221;{}&#8221; theme_builder_area=&#8221;post_content&#8221; sticky_enabled=&#8221;0&#8243;][\/et_pb_gallery][\/et_pb_column][\/et_pb_row][\/et_pb_section]<\/p>\n","protected":false},"excerpt":{"rendered":"<p>Typowy turysta l\u0105duje na Orio al Serio Bergamo, wysiada z samolotu i udaje si\u0119 na wycieczk\u0119 do s\u0142ynnej, otoczonej weneckimi murami, urokliwej Citt\u00e0 Alta[1]. Tam pod\u0105\u017ca za gwarem i\u00a0t\u0142umem, objadaj\u0105c si\u0119 lokalnymi przysmakami. Niestrudzony, \u017c\u0105dny wra\u017ce\u0144 eksplorator zostawia na p\u00f3\u017aniej wszelakie cielesne uciechy i godnie wita si\u0119 z Itali\u0105. Odwiedza miejsce wysublimowane, po\u0142o\u017cone zaledwie pi\u0119\u0107 [&hellip;]<\/p>\n","protected":false},"author":1,"featured_media":3650,"comment_status":"closed","ping_status":"closed","sticky":false,"template":"","format":"standard","meta":{"_et_pb_use_builder":"on","_et_pb_old_content":"","_et_gb_content_width":"","footnotes":""},"categories":[10],"tags":[],"class_list":["post-3643","post","type-post","status-publish","format-standard","has-post-thumbnail","hentry","category-teksty"],"_links":{"self":[{"href":"https:\/\/format.asp.wroc.pl\/index.php\/wp-json\/wp\/v2\/posts\/3643","targetHints":{"allow":["GET"]}}],"collection":[{"href":"https:\/\/format.asp.wroc.pl\/index.php\/wp-json\/wp\/v2\/posts"}],"about":[{"href":"https:\/\/format.asp.wroc.pl\/index.php\/wp-json\/wp\/v2\/types\/post"}],"author":[{"embeddable":true,"href":"https:\/\/format.asp.wroc.pl\/index.php\/wp-json\/wp\/v2\/users\/1"}],"replies":[{"embeddable":true,"href":"https:\/\/format.asp.wroc.pl\/index.php\/wp-json\/wp\/v2\/comments?post=3643"}],"version-history":[{"count":4,"href":"https:\/\/format.asp.wroc.pl\/index.php\/wp-json\/wp\/v2\/posts\/3643\/revisions"}],"predecessor-version":[{"id":3689,"href":"https:\/\/format.asp.wroc.pl\/index.php\/wp-json\/wp\/v2\/posts\/3643\/revisions\/3689"}],"wp:featuredmedia":[{"embeddable":true,"href":"https:\/\/format.asp.wroc.pl\/index.php\/wp-json\/wp\/v2\/media\/3650"}],"wp:attachment":[{"href":"https:\/\/format.asp.wroc.pl\/index.php\/wp-json\/wp\/v2\/media?parent=3643"}],"wp:term":[{"taxonomy":"category","embeddable":true,"href":"https:\/\/format.asp.wroc.pl\/index.php\/wp-json\/wp\/v2\/categories?post=3643"},{"taxonomy":"post_tag","embeddable":true,"href":"https:\/\/format.asp.wroc.pl\/index.php\/wp-json\/wp\/v2\/tags?post=3643"}],"curies":[{"name":"wp","href":"https:\/\/api.w.org\/{rel}","templated":true}]}}