{"id":365,"date":"2022-05-18T11:49:23","date_gmt":"2022-05-18T11:49:23","guid":{"rendered":"https:\/\/format.asp.wroc.pl\/?p=365"},"modified":"2022-05-18T12:05:39","modified_gmt":"2022-05-18T12:05:39","slug":"365","status":"publish","type":"post","link":"https:\/\/format.asp.wroc.pl\/index.php\/2022\/05\/18\/365\/","title":{"rendered":"Salon wiosenny w Opolu. Stara nazwa, nowe perspektywy"},"content":{"rendered":"<p>[et_pb_section fb_built=&#8221;1&#8243; _builder_version=&#8221;4.16.0&#8243; _module_preset=&#8221;default&#8221; global_colors_info=&#8221;{}&#8221; theme_builder_area=&#8221;post_content&#8221;][et_pb_row _builder_version=&#8221;4.17.0&#8243; _module_preset=&#8221;default&#8221; custom_padding=&#8221;0px||0px|||&#8221; global_colors_info=&#8221;{}&#8221; theme_builder_area=&#8221;post_content&#8221;][et_pb_column type=&#8221;4_4&#8243; _builder_version=&#8221;4.16&#8243; _module_preset=&#8221;default&#8221; global_colors_info=&#8221;{}&#8221; theme_builder_area=&#8221;post_content&#8221;][et_pb_text _builder_version=&#8221;4.17.4&#8243; _module_preset=&#8221;default&#8221; hover_enabled=&#8221;0&#8243; global_colors_info=&#8221;{}&#8221; theme_builder_area=&#8221;post_content&#8221; sticky_enabled=&#8221;0&#8243;]<\/p>\n<p><span style=\"font-weight: 400;\">Konkursy artystyczne realizowane pod szyldem ZPAP nie maj\u0105 dobrej prasy. Nie ma co zaklina\u0107 rzeczywisto\u015bci, to chyba najmniej sprzyjaj\u0105cy wizerunkowo moment dla tej organizacji. Tym bardziej z ogromnym zainteresowaniem postanowi\u0142am przyjrze\u0107 si\u0119 realizacji Salonu Wiosennego, konkursu artystycznego o d\u0142ugiej historii, bo si\u0119gaj\u0105cej pocz\u0105tkiem do po\u0142owy lat 50., czyli czas\u00f3w, gdy utworzony zosta\u0142 lokalny oddzia\u0142 zwi\u0105zku. Dlaczego? Z dw\u00f3ch powod\u00f3w. Po pierwsze, jako wsp\u00f3\u0142organizator sw\u00f3j znak jako\u015bci daje Galeria Sztuki Wsp\u00f3\u0142czesnej w Opolu, kt\u00f3ra jest instytucj\u0105 z wartym zainteresowania programem. Po drugie, ze wzgl\u0119du na sk\u0142ad jury (Anna Markowska, Micha\u0142 Suchora, Joanna Banek) i tego jak poradzi\u0142o sobie ono z selekcj\u0105 prac na wystaw\u0119 oraz wyborem laureat\u00f3w. A ponad wszystko g\u0142\u0119boko wierz\u0119 w sens instytucjonalnego rebrandingu, od\u015bwie\u017cania starych formu\u0142 i wydobywania nowych jako\u015bci z ju\u017c istniej\u0105cych byt\u00f3w. <\/span><\/p>\n<p><span style=\"font-weight: 400;\">Z ca\u0142\u0105 pewno\u015bci\u0105 Opole nie jest miastem pierwszego wyboru dla obserwator\u00f3w sztuki wsp\u00f3\u0142czesnej, ale jak pokazuj\u0105 przyk\u0142ady Zielonej G\u00f3ry, Tarnowa czy Nowego S\u0105cza, wytr\u0105cenie z pod\u0105\u017cania utartymi szlakami mi\u0119dzy najwi\u0119kszymi miastami niekiedy nast\u0119puje i to z dobrym skutkiem. Opole, tak jak i Zielona G\u00f3ra, ma sw\u00f3j Wydzia\u0142 Sztuki na Uniwersytecie, co oznacza \u017ce lokalne \u015brodowisko istnieje tu z <\/span>\u201e<span style=\"font-weight: 400;\">natury\u201d. Oczywi\u015bcie, mo\u017cna w tym momencie pomy\u015ble\u0107 o wszystkich potencjalnych zagro\u017ceniach p\u0142yn\u0105cych z tych okoliczno\u015bci, jak wsobno\u015b\u0107, \u201ewszyscy si\u0119 znaj\u0105\u201d, \u201em\u0142odzi uciekaj\u0105 do wi\u0119kszych miast\u201d, czy wreszcie o wzajemnych animozjach. Za\u0142\u00f3\u017cmy \u017ce tak po prostu jest, wsz\u0119dzie zreszt\u0105, wi\u0119c mo\u017ce warto porzuci\u0107 w og\u00f3le t\u0119 perspektyw\u0119, na rzecz odkrywania nowo\u015bci.\u00a0<\/span><\/p>\n<p><span style=\"font-weight: 400;\">Ide\u0105 pokazu jest, jak pisz\u0105 organizatorzy, \u201eukazanie aktualnego potencja\u0142u miasta i regionu\u201d, tote\u017c do udzia\u0142u w konkursie dopuszczono wszystkie osoby zajmuj\u0105ce si\u0119 sztukami wizualnymi (a nie tylko cz\u0142onk\u00f3w ZPAP, jak to zwykle bywa). Warunkami by\u0142y zwi\u0105zek tw\u00f3rc\u00f3w z Opolem lub regionem oraz zg\u0142oszenie prac nie starszych ni\u017c rok. Ze 101 zg\u0142osze\u0144 powy\u017csze kryteria spe\u0142ni\u0142o 98 i spo\u015br\u00f3d tej grupy jury wybra\u0142o 70 artystek i artyst\u00f3w, kt\u00f3rych realizacje z\u0142o\u017cy\u0142y si\u0119 na ostateczn\u0105 wystaw\u0119.\u00a0<\/span><\/p>\n<p><span style=\"font-weight: 400;\">Sama ekspozycja okaza\u0142a si\u0119 na tyle spora, \u017ce trzeba by\u0142o podzieli\u0107 j\u0105 mi\u0119dzy Galeri\u0119 Sztuki Wsp\u00f3\u0142czesnej, gdzie zaj\u0119\u0142a ca\u0142y budynek, a Galeri\u0119 ZPAP Pierwsze Pi\u0119tro, w kt\u00f3rej r\u00f3wnie\u017c wdar\u0142a si\u0119 w ka\u017cdy zakamarek sal ekspozycyjnych i klatki schodowej. Miejsce to zreszt\u0105 jest bardzo urokliwe, tu\u017c obok Rynku, z w\u0105skimi schodami, skrzypi\u0105c\u0105 pod\u0142og\u0105 i drewnianymi belkami, znakomicie prezentuj\u0105 si\u0119 w nim prace-precjoza, powsta\u0142e w zagadkowo dla mnie niemodnych obecnie technikach graficznych czy ich hybrydach z innymi mediami. Bardzo efektownie pokazano instalacj\u0119 Micha\u0142a Krawca z\u0142o\u017con\u0105 z cyklu prac powsta\u0142ych w technice fotoakwaforty pt. <\/span><i><span style=\"font-weight: 400;\">Spacer &#8211; \u0107wiczenia z pami\u0119ci kr\u00f3tkotrwa\u0142ej &#8211; kompozycja I<\/span><\/i><span style=\"font-weight: 400;\">. Spatynowane i specyficznie przefiltrowane kadry z codzienno\u015bci, niezwykle klimatyczny pejza\u017c miejski ka\u017c\u0105 my\u015ble\u0107 o starych fotografiach i grzebaniu w historii miasta, ale nie jest to ucieczka w przesz\u0142o\u015b\u0107; raczej \u015bwiadome poszukiwania wizualne wsp\u00f3\u0142czesnego miejskiego flanera. W\u0105tek miejski zreszt\u0105 pojawi\u0142 si\u0119 w r\u00f3\u017cnych ods\u0142onach (jak tu od niego uciec, skoro has\u0142o \u201eregion\u201d wisi nad wystaw\u0105?), np. w fotografiach Mariusza Przygody i Grzegorza Hussaka czy w architektonicznych obrazach Barbary Szymskiej. Z kolei ci\u0119\u017cko pos\u0105dza\u0107 o jakikolwiek regionalizm Barbar\u0119 G\u0119bczak, jej wyg\u0142adzona i minimalistyczna architektura mog\u0142aby by\u0107 gdziekolwiek, ale nieco hockneyowki, wyciszony klimat jej obraz\u00f3w sprawia ogromn\u0105 przyjemno\u015b\u0107 wizualn\u0105 i po prostu uspokaja. A w ko\u0144cu na wystawie zbiorowej ci\u0119\u017cko o skupienie, du\u017co si\u0119 dzieje r\u00f3\u017cnych rzeczy, nie\u0142atwo wychwyci\u0107 jak\u0105\u015b narracj\u0119.<\/span><\/p>\n<p><span style=\"font-weight: 400;\">W Galerii Sztuki Wsp\u00f3\u0142czesnej by\u0142o r\u00f3wnie g\u0119sto, jednak wyra\u017anie da\u0142o si\u0119 zauwa\u017cy\u0107 kilka dominuj\u0105cych w\u0105tk\u00f3w. Wielu artyst\u00f3w zaj\u0119\u0142o si\u0119 tematem oko\u0142oklimatycznym, pr\u00f3buj\u0105c rozwi\u0105za\u0107 go m.in. za pomoc\u0105 problem\u00f3w rze\u017abiarskich (Monika Gliwa-Mazurek), multimedialnych instalacji (Nati Krawtz &amp; Nina Adelajda Olczak), fotomonta\u017cu (Pawe\u0142 Stania) czy obiektu przestrzennego (Bartosz Posacki). Wyra\u017anie zarysowana zosta\u0142a kwestia p\u0142ciowo\u015bci, wybrzmia\u0142a w prostej, acz dobitnej pracy Magdaleny Zarzyckiej, podejmuj\u0105cym w\u0105tek cielesno\u015bci wideo Marii Bitki czy otrzepanych z etnograficznego kurzu haftach Julii Podbor\u0105czy\u0144skiej. By\u0107 mo\u017ce podobnych klimat\u00f3w, ale nie dos\u0142ownie, bowiem trzeba si\u0119 do nich przekopa\u0107, mo\u017cna doszukiwa\u0107 si\u0119 w interesuj\u0105cej instalacji Beaty Maciejewskiej, kt\u00f3ra zawiera w sobie wszystko co \u201estarodawne\u201d: zrobione na szyde\u0142ku ubranie, kapelusz, manekin, obiekt ceramiczny na drewniano-marmurowym stoliku, t\u0142o jak z zak\u0142adu fotograficznego. Czy to prezentacja wszechstronno\u015bci artystki, czy mo\u017ce przywo\u0142anie niekre\u015blonej minionej artystycznej epoki, troch\u0119 rodem z Krakowa? Nie wiem, ale takie usilnie romantyczne kreowanie chocia\u017cby wycinka \u015bwiata ma w sobie co\u015b bardzo ujmuj\u0105cego. Pojawi\u0142o si\u0119 te\u017c troch\u0119 pejza\u017cu, jak np. w nieco sasnalowskich obrazach Janusz M\u0142ynarskiego, fotografiach Miros\u0142awa Mokrzyckiego czy abstrakcyjnych formach \u017banety Kubaty. Rasowa abstrakcja jest chyba na takich wystawach najliczniej reprezentowanym problemem, tu m.in. przez malarstwo Sebastiana Huczy\u0144skiego, grafiki Joanny Cichosz, powsta\u0142e w technice w\u0142asnej prace Karoliny Procaj\u0142o czy kompozycje Alicji Anigacz.<\/span><\/p>\n<p><span style=\"font-weight: 400;\">Przyjrzyjmy si\u0119 wyborom juror\u00f3w. Nagrody przyznano czw\u00f3rce artyst\u00f3w: Jerzemu Beskiemu (Grand Prix Nagroda Marsza\u0142ka Wojew\u00f3dztwa Opolskiego), Malv Miel (Nagroda Prezydenta Miasta Opola), Patrycji Kucik (Nagroda ZPAP). Wyr\u00f3\u017cnienie kuratorek i kurator\u00f3w Galerii Sztuki Wsp\u00f3\u0142czesnej w Opolu otrzyma\u0142a Ma\u0142gorzata \u0141ojko. Laureatem g\u0142\u00f3wnej nagrody jest bardzo interesuj\u0105cy, ponad dziewi\u0119\u0107dziesi\u0119cioletni tw\u00f3rca, w ostatnich latach realizuj\u0105cy malarstwo w formie sztandar\u00f3w. Jak sam m\u00f3wi &#8211; <\/span><span style=\"font-weight: 400;\">poszukiwa\u0142 \u201enowoczesnego przekazu i tak powsta\u0142 ten cykl (&#8230;) to by\u0142a koncepcja wej\u015bcia w kontakt j\u0119zykiem sztandar\u00f3w, czyli skr\u00f3towym, has\u0142owym, prostym j\u0119zykiem, do kt\u00f3rego ludzie s\u0105 przyzwyczajeni. Bo widz\u0105 te sztandary na co dzie\u0144. I postanowi\u0142em z tego zrobi\u0107 sw\u00f3j j\u0119zyk\u201d. Z kolei Malv Miel stworzy\u0142a haft troch\u0119 nakazuj\u0105cy my\u015ble\u0107 o tw\u00f3rczo\u015bci Moniki Dro\u017cy\u0144skiej, ale nie dos\u0142ownie, bo b\u0119d\u0105cy swoist\u0105 rozpraw\u0105 o tym medium. Z jednej strony mamy wi\u0119c konfrontacj\u0119 idei pracy szybkiej, czyli szkicowania, z charakterystyczn\u0105 dla haftu potrzeb\u0105 czasu, a tak\u017ce zadziorn\u0105 kontr\u0119 do historii gatunku, kt\u00f3ry raczej kojarzy si\u0119 z pieczo\u0142owitym, ozdobnym wykonawstwem. Nagrodzona praca jest niemal\u017ce realizacj\u0105 o estetyce dzieci\u0119cych bazgro\u0142\u00f3w. Patrycja Kucik zosta\u0142a nagrodzona za abstrakcyjne malarstwo w formie kilkuelementowej kompozycji, charakterystyczne zreszt\u0105 dla innych prac artystki. Wyr\u00f3\u017cniona przez Galeri\u0119 Sztuki Wsp\u00f3\u0142czesnej w Opolu Ma\u0142gorzata \u0141ojko porusza si\u0119 w przestrzeniach tw\u00f3rczo\u015bci, kt\u00f3rej g\u0142\u00f3wnym zagadnieniem jest wykorzystywanie materia\u0142\u00f3w naturalnych, odnalezionych w przyrodzie, formuj\u0105c abstrakcyjne obiekty pozostaj\u0105ce w relacji do otoczenia. Na wystawie zaprezentowa\u0142a sizalowy obiekt, kt\u00f3ry opr\u00f3cz tego \u017ce jest niezale\u017cn\u0105 form\u0105, mo\u017ce s\u0142u\u017cy\u0107 jako struktura s\u0142u\u017c\u0105ca do schronienia.\u00a0<\/span><\/p>\n<p><span style=\"font-weight: 400;\">Organizatorzy podj\u0119li dobr\u0105 decyzj\u0119 otwieraj\u0105c konkurs na tw\u00f3rc\u00f3w niezrzeszonych. To krok w stron\u0119 stworzenia imprezy w kt\u00f3rej wyra\u017any jest przep\u0142yw \u015bwie\u017cej krwi i by\u0107 mo\u017ce szansa dla artyst\u00f3w z regionu na pojawienie si\u0119 w szerszym kontek\u015bcie w przysz\u0142o\u015bci. Idea zapraszania juror\u00f3w reprezentuj\u0105cych r\u00f3\u017cne o\u015brodki artystyczne w kraju to oczywi\u015bcie okazja do konfrontacji perspektyw, do\u015bwiadcze\u0144 i oczekiwa\u0144, jakie ka\u017cdy z nich posiada.\u00a0<\/span><\/p>\n<p><span style=\"font-weight: 400;\">Je\u017celi chodzi o sam\u0105 konstrukcj\u0119 wystawy, to lokalny konkurs b\u0119dzie musia\u0142 si\u0119 zmaga\u0107 z r\u00f3\u017cnym poziomem prac, co nie zawsze te\u017c uda si\u0119 skorygowa\u0107 przez juror\u00f3w. Pytanie czy zwi\u0105zek chce realizowa\u0107 za\u0142o\u017cenia statutowe (ka\u017cdy ma prawo wzi\u0105\u0107 udzia\u0142), czy chce i\u015b\u0107 w stron\u0119 bardziej elitarnego (\u017ceby nie powiedzie\u0107 ekskluzywnego) konkursu, czego przyk\u0142adem jest Konkurs Gepperta. Tu jednak wchodzimy ju\u017c w zagadnienie demokracji w sztuce (kt\u00f3ra jest przecie\u017c utopi\u0105) i odwiecznych dylemat\u00f3w dotycz\u0105cych tego czy konkursy otwiera\u0107, czy raczej zamyka\u0107. Pole do pracy w tej materii jest naprawd\u0119 du\u017ce.\u00a0<\/span><\/p>\n<p>Tekst: Alicja Klimczak-Dobrzaniecka<\/p>\n<p>Zdj\u0119cia: Galeria Sztuki Wsp\u00f3\u0142czesnej w Opolu<\/p>\n<p>Salon Wiosenny 2022<br \/>Galeria Sztuki Wsp\u00f3\u0142czesnej w Opolu<br \/>Galeria ZPAP Pierwsze Pi\u0119tro<br \/>25-03-03.05.2022<\/p>\n<h2><\/h2>\n<p>&nbsp;<\/p>\n<p>&nbsp;<\/p>\n<p>[\/et_pb_text][\/et_pb_column][\/et_pb_row][\/et_pb_section][et_pb_section fb_built=&#8221;1&#8243; _builder_version=&#8221;4.16.0&#8243; _module_preset=&#8221;default&#8221; custom_padding=&#8221;0px||0px|||&#8221; global_colors_info=&#8221;{}&#8221; theme_builder_area=&#8221;post_content&#8221;][et_pb_row use_custom_gutter=&#8221;on&#8221; gutter_width=&#8221;2&#8243; _builder_version=&#8221;4.16.0&#8243; _module_preset=&#8221;default&#8221; custom_padding=&#8221;0px|||||&#8221; global_colors_info=&#8221;{}&#8221; theme_builder_area=&#8221;post_content&#8221;][et_pb_column type=&#8221;4_4&#8243; _builder_version=&#8221;4.16.0&#8243; _module_preset=&#8221;default&#8221; global_colors_info=&#8221;{}&#8221; theme_builder_area=&#8221;post_content&#8221;][et_pb_gallery gallery_ids=&#8221;377,376,375,374,373,372,371,370,369&#8243; posts_number=&#8221;10&#8243; show_title_and_caption=&#8221;off&#8221; show_pagination=&#8221;off&#8221; _builder_version=&#8221;4.17.4&#8243; _module_preset=&#8221;default&#8221; hover_enabled=&#8221;0&#8243; global_colors_info=&#8221;{}&#8221; theme_builder_area=&#8221;post_content&#8221; sticky_enabled=&#8221;0&#8243;][\/et_pb_gallery][\/et_pb_column][\/et_pb_row][\/et_pb_section]<\/p>\n","protected":false},"excerpt":{"rendered":"<p>Konkursy artystyczne realizowane pod szyldem ZPAP nie maj\u0105 dobrej prasy. Nie ma co zaklina\u0107 rzeczywisto\u015bci, to chyba najmniej sprzyjaj\u0105cy wizerunkowo moment dla tej organizacji. Tym bardziej z ogromnym zainteresowaniem postanowi\u0142am przyjrze\u0107 si\u0119 realizacji Salonu Wiosennego, konkursu artystycznego o d\u0142ugiej historii, bo si\u0119gaj\u0105cej pocz\u0105tkiem do po\u0142owy lat 50., czyli czas\u00f3w, gdy utworzony zosta\u0142 lokalny oddzia\u0142 zwi\u0105zku. [&hellip;]<\/p>\n","protected":false},"author":1,"featured_media":372,"comment_status":"closed","ping_status":"closed","sticky":false,"template":"","format":"standard","meta":{"_et_pb_use_builder":"on","_et_pb_old_content":"","_et_gb_content_width":"","footnotes":""},"categories":[10],"tags":[],"class_list":["post-365","post","type-post","status-publish","format-standard","has-post-thumbnail","hentry","category-teksty"],"_links":{"self":[{"href":"https:\/\/format.asp.wroc.pl\/index.php\/wp-json\/wp\/v2\/posts\/365","targetHints":{"allow":["GET"]}}],"collection":[{"href":"https:\/\/format.asp.wroc.pl\/index.php\/wp-json\/wp\/v2\/posts"}],"about":[{"href":"https:\/\/format.asp.wroc.pl\/index.php\/wp-json\/wp\/v2\/types\/post"}],"author":[{"embeddable":true,"href":"https:\/\/format.asp.wroc.pl\/index.php\/wp-json\/wp\/v2\/users\/1"}],"replies":[{"embeddable":true,"href":"https:\/\/format.asp.wroc.pl\/index.php\/wp-json\/wp\/v2\/comments?post=365"}],"version-history":[{"count":7,"href":"https:\/\/format.asp.wroc.pl\/index.php\/wp-json\/wp\/v2\/posts\/365\/revisions"}],"predecessor-version":[{"id":385,"href":"https:\/\/format.asp.wroc.pl\/index.php\/wp-json\/wp\/v2\/posts\/365\/revisions\/385"}],"wp:featuredmedia":[{"embeddable":true,"href":"https:\/\/format.asp.wroc.pl\/index.php\/wp-json\/wp\/v2\/media\/372"}],"wp:attachment":[{"href":"https:\/\/format.asp.wroc.pl\/index.php\/wp-json\/wp\/v2\/media?parent=365"}],"wp:term":[{"taxonomy":"category","embeddable":true,"href":"https:\/\/format.asp.wroc.pl\/index.php\/wp-json\/wp\/v2\/categories?post=365"},{"taxonomy":"post_tag","embeddable":true,"href":"https:\/\/format.asp.wroc.pl\/index.php\/wp-json\/wp\/v2\/tags?post=365"}],"curies":[{"name":"wp","href":"https:\/\/api.w.org\/{rel}","templated":true}]}}