{"id":3727,"date":"2024-05-08T12:54:58","date_gmt":"2024-05-08T12:54:58","guid":{"rendered":"https:\/\/format.asp.wroc.pl\/?p=3727"},"modified":"2024-05-08T12:55:48","modified_gmt":"2024-05-08T12:55:48","slug":"3727","status":"publish","type":"post","link":"https:\/\/format.asp.wroc.pl\/index.php\/2024\/05\/08\/3727\/","title":{"rendered":"Poszukiwania artystyczne Marka Oberl\u00e4ndera w Muzeum Narodowym we Wroc\u0142awiu"},"content":{"rendered":"<p>[et_pb_section fb_built=&#8221;1&#8243; _builder_version=&#8221;4.16.0&#8243; _module_preset=&#8221;default&#8221; custom_padding=&#8221;4px|||||&#8221; global_colors_info=&#8221;{}&#8221; theme_builder_area=&#8221;post_content&#8221;][et_pb_row _builder_version=&#8221;4.16&#8243; _module_preset=&#8221;default&#8221; custom_padding=&#8221;0px||0px|||&#8221; global_colors_info=&#8221;{}&#8221; theme_builder_area=&#8221;post_content&#8221;][et_pb_column type=&#8221;4_4&#8243; _builder_version=&#8221;4.16&#8243; _module_preset=&#8221;default&#8221; global_colors_info=&#8221;{}&#8221; theme_builder_area=&#8221;post_content&#8221;][et_pb_text _builder_version=&#8221;4.25.0&#8243; _module_preset=&#8221;default&#8221; hover_enabled=&#8221;0&#8243; global_colors_info=&#8221;{}&#8221; theme_builder_area=&#8221;post_content&#8221; sticky_enabled=&#8221;0&#8243;]<\/p>\n<p>Przekazany w kwietniu 2022 r. dar Haliny Pfeffer-Oberl\u00e4nder dla Muzeum Narodowego we Wroc\u0142awiu jest doskona\u0142\u0105 okazj\u0105 do prze\u015bledzenia skomplikowanej i r\u00f3\u017cnorodnej drogi artystycznej jej m\u0119\u017ca, Marka Oberl\u00e4ndera (1922\u20131978). Starannie wyselekcjonowane prace z licz\u0105cego blisko 500 obiekt\u00f3w przekazu pozwol\u0105 przeanalizowa\u0107 tw\u00f3rcze niepokoje artysty, skutkuj\u0105ce niezliczon\u0105 liczb\u0105 rysunk\u00f3w \u2013 studi\u00f3w nad form\u0105, kolorem, motywem.<\/p>\n<p>Ekspozycj\u0119 uzupe\u0142ni\u0105 obrazy z kolekcji malarstwa wsp\u00f3\u0142czesnego Muzeum Narodowego we Wroc\u0142awiu, kt\u00f3re tematyk\u0105 domykaj\u0105 tytu\u0142owe poszukiwania artysty. \u201eCelem wystawy, opr\u00f3cz prezentacji fragmentu cennego daru otrzymanego od Haliny Pfeffer-Oberl\u00e4nder, jest przypomnienie postaci samego Marka Oberl\u00e4ndera, a przede wszystkim jego dokona\u0144 w niemal zupe\u0142nie nowej ods\u0142onie\u201d \u2013 m\u00f3wi Magdalena Szafkowska, wsp\u00f3\u0142kuratorka wystawy. \u201eArtysta kojarzony z obrazem \u00bbNapi\u0119tnowani\u00ab czy seri\u0105 specyficznych przedstawie\u0144 totemicznej figury ludzkiej okazuje si\u0119 by\u0107 tutaj r\u00f3wnie\u017c \u015bwietnym portrecist\u0105, ilustratorem, rysownikiem-reporta\u017cyst\u0105, a tak\u017ce autorem ciekawych na wp\u00f3\u0142 abstrakcyjnych kompozycji z cyklu \u00bbKorzenie\u00ab czy wariacji na temat pejza\u017cu z po\u0142udniowej Francji, z muzycznym podtekstem w tle\u201d.<\/p>\n<p>Jedna z najwi\u0119kszych w Polsce kolekcja prac Oberl\u00e4ndera, licz\u0105ca obecnie 680 dzie\u0142, zosta\u0142a zapocz\u0105tkowana w 1974 r. zakupem przez wroc\u0142awskie muzeum dw\u00f3ch obraz\u00f3w olejnych \u2013 jednym z nich by\u0142 symptomatyczny \u201ePortret garbatej\u201d. Na kr\u00f3tko przed \u015bmierci\u0105 w 1978 r. artysta w porozumieniu z \u00f3wczesnym kustoszem Mariuszem Hermansdorferem zdo\u0142a\u0142 jeszcze przygotowa\u0107 blisko 200 prac na planowan\u0105 wystaw\u0119 po\u015bwi\u0119con\u0105 jego tw\u00f3rczo\u015bci. Ich przekaz sfinalizowa\u0142a dwa lata p\u00f3\u017aniej Halina Pfeffer-Oberl\u00e4nder, gdy prezentacja dosz\u0142a do skutku. Towarzyszy\u0142 jej katalog, w kt\u00f3rym znalaz\u0142 si\u0119 tak\u017ce \u017cyciorys artysty spisany przez niego na prze\u0142omie lat 1977\u20131978. Pozyskany w 2022 r. dar jest zatem naturalnym nast\u0119pstwem i swoistym uzupe\u0142nieniem dotychczasowej kolekcji. \u201eDzi\u0119ki bogatemu i przekrojowemu zbiorowi prac Marka Oberl\u00e4ndera w Muzeum Narodowym we Wroc\u0142awiu mo\u017cna prze\u015bledzi\u0107 histori\u0119 artysty niemal tak dok\u0142adnie, jak gdyby czyta\u0107 jego emocjonuj\u0105c\u0105 autobiografi\u0119 od pierwszej do ostatniej strony\u201d \u2013 m\u00f3wi Justyna Chojnacka, wsp\u00f3\u0142kuratorka wystawy.<\/p>\n<p>Piotr Oszczanowski, dyrektor Muzeum Narodowego we Wroc\u0142awiu:<\/p>\n<p><em>Niekwestionowany walor artystyczny dzie\u0142 Marka Oberland\u00e4ra to jedno, ale dla nas r\u00f3wnie wa\u017cna jest hojno\u015b\u0107 Haliny Pfeffer-Oberl\u00e4nder, kt\u00f3ra w kwietniu 2022 r. przekaza\u0142a Muzeum Narodowemu we Wroc\u0142awiu blisko 500 dzie\u0142 pochodz\u0105cych ze spu\u015bcizny po m\u0119\u017cu. Maj\u0105c jeszcze okazj\u0119 osobi\u015bcie podzi\u0119kowa\u0107 Donatorce za ten wyj\u0105tkowy prezent, zapewni\u0142em j\u0105, \u017ce b\u0119dzie on nam s\u0142u\u017cy\u0142 zar\u00f3wno w trakcie bada\u0144 nad tw\u00f3rczo\u015bci\u0105 m\u0119\u017ca, jak i we wszelkich poczynaniach wystawienniczych, kt\u00f3rych celem b\u0119dzie propagowanie dorobku jednego z najwa\u017cniejszych artyst\u00f3w-reprezentant\u00f3w pokolenia wystawy \u201eArsena\u0142u\u201d roku 1955. Ta wystawa jest dowodem, \u017ce danego s\u0142owa dotrzymujemy.<\/em><\/p>\n<p><strong>Marek Oberl\u00e4nder<\/strong> (1922\u20131978) \u2013 malarz, rysownik, grafik, ilustrator. Absolwent Akademii Sztuk Pi\u0119knych w Warszawie. Pomys\u0142odawca prze\u0142omowej wystawy \u201ePrzeciw wojnie, przeciw faszyzmowi\u201d w warszawskim Arsenale w 1955 roku. W 1963 roku wyjecha\u0142 do Szwecji, a stamt\u0105d do Francji, gdzie pozosta\u0142 do ko\u0144ca \u017cycia.<br \/>Halina Pfeffer-Oberl\u00e4nder (1928\u20132023) \u2013 podobnie jak jej przysz\u0142y m\u0105\u017c, najpierw uko\u0144czy\u0142a warszawskie Liceum Sztuk Plastycznych, a potem tamtejsz\u0105 Akademi\u0119 Sztuk Pi\u0119knych. Bohaterka kabaretu Mirona Bia\u0142oszewskiego \u201eKicia Kocia\u201d. Spadkobierczyni, apologetka i hojna ofiarodawczyni dzie\u0142 Marka Oberl\u00e4ndera.<\/p>\n<p>Tekst i zdj\u0119cia: materia\u0142y organizatora<\/p>\n<p>&nbsp;<\/p>\n<p>Poszukiwania artystyczne Marka Oberl\u00e4ndera<br \/>14.05-01.09.2024<br \/>Muzeum Narodowe we Wroc\u0142awiu<br \/>Kuratorki wystawy: Justyna Chojnacka, Magdalena Szafkowska<\/p>\n<p>[\/et_pb_text][\/et_pb_column][\/et_pb_row][\/et_pb_section][et_pb_section fb_built=&#8221;1&#8243; _builder_version=&#8221;4.16.0&#8243; _module_preset=&#8221;default&#8221; custom_padding=&#8221;0px||0px|||&#8221; global_colors_info=&#8221;{}&#8221; theme_builder_area=&#8221;post_content&#8221;][et_pb_row use_custom_gutter=&#8221;on&#8221; gutter_width=&#8221;2&#8243; _builder_version=&#8221;4.16.0&#8243; _module_preset=&#8221;default&#8221; custom_padding=&#8221;0px|||||&#8221; global_colors_info=&#8221;{}&#8221; theme_builder_area=&#8221;post_content&#8221;][et_pb_column type=&#8221;4_4&#8243; _builder_version=&#8221;4.16.0&#8243; _module_preset=&#8221;default&#8221; global_colors_info=&#8221;{}&#8221; theme_builder_area=&#8221;post_content&#8221;][et_pb_gallery gallery_ids=&#8221;3729&#8243; posts_number=&#8221;40&#8243; show_title_and_caption=&#8221;off&#8221; show_pagination=&#8221;off&#8221; _builder_version=&#8221;4.25.0&#8243; _module_preset=&#8221;default&#8221; custom_margin=&#8221;||20px|||&#8221; hover_enabled=&#8221;0&#8243; global_colors_info=&#8221;{}&#8221; theme_builder_area=&#8221;post_content&#8221; sticky_enabled=&#8221;0&#8243;][\/et_pb_gallery][\/et_pb_column][\/et_pb_row][\/et_pb_section]<\/p>\n","protected":false},"excerpt":{"rendered":"<p>Pierwsza prezentacja nigdy wcze\u015bniej niepokazywanych dzie\u0142 Marka Oberl\u00e4ndera, kt\u00f3re jego \u017cona Halina Pfeffer-Oberl\u00e4nder przekaza\u0142a do zbior\u00f3w Muzeum Narodowego we Wroc\u0142awiu. W\u015br\u00f3d prac znajd\u0105 si\u0119: wcze\u015bniej nieznany cykl \u201eKorzenie\u201d, barwne impresje z Prowansji, abstrakcyjne kompozycje, enigmatyczne figury ludzkie u\u0142o\u017cone w tr\u00f3jk\u0105ty czy ilustracje do r\u00f3\u017cnych wydawnictw.<\/p>\n","protected":false},"author":1,"featured_media":3729,"comment_status":"closed","ping_status":"closed","sticky":false,"template":"","format":"standard","meta":{"_et_pb_use_builder":"on","_et_pb_old_content":"","_et_gb_content_width":"","footnotes":""},"categories":[9],"tags":[],"class_list":["post-3727","post","type-post","status-publish","format-standard","has-post-thumbnail","hentry","category-polecane"],"_links":{"self":[{"href":"https:\/\/format.asp.wroc.pl\/index.php\/wp-json\/wp\/v2\/posts\/3727","targetHints":{"allow":["GET"]}}],"collection":[{"href":"https:\/\/format.asp.wroc.pl\/index.php\/wp-json\/wp\/v2\/posts"}],"about":[{"href":"https:\/\/format.asp.wroc.pl\/index.php\/wp-json\/wp\/v2\/types\/post"}],"author":[{"embeddable":true,"href":"https:\/\/format.asp.wroc.pl\/index.php\/wp-json\/wp\/v2\/users\/1"}],"replies":[{"embeddable":true,"href":"https:\/\/format.asp.wroc.pl\/index.php\/wp-json\/wp\/v2\/comments?post=3727"}],"version-history":[{"count":3,"href":"https:\/\/format.asp.wroc.pl\/index.php\/wp-json\/wp\/v2\/posts\/3727\/revisions"}],"predecessor-version":[{"id":3732,"href":"https:\/\/format.asp.wroc.pl\/index.php\/wp-json\/wp\/v2\/posts\/3727\/revisions\/3732"}],"wp:featuredmedia":[{"embeddable":true,"href":"https:\/\/format.asp.wroc.pl\/index.php\/wp-json\/wp\/v2\/media\/3729"}],"wp:attachment":[{"href":"https:\/\/format.asp.wroc.pl\/index.php\/wp-json\/wp\/v2\/media?parent=3727"}],"wp:term":[{"taxonomy":"category","embeddable":true,"href":"https:\/\/format.asp.wroc.pl\/index.php\/wp-json\/wp\/v2\/categories?post=3727"},{"taxonomy":"post_tag","embeddable":true,"href":"https:\/\/format.asp.wroc.pl\/index.php\/wp-json\/wp\/v2\/tags?post=3727"}],"curies":[{"name":"wp","href":"https:\/\/api.w.org\/{rel}","templated":true}]}}