{"id":4261,"date":"2024-09-19T07:12:53","date_gmt":"2024-09-19T07:12:53","guid":{"rendered":"https:\/\/format.asp.wroc.pl\/?p=4261"},"modified":"2024-09-19T07:17:37","modified_gmt":"2024-09-19T07:17:37","slug":"4261","status":"publish","type":"post","link":"https:\/\/format.asp.wroc.pl\/index.php\/2024\/09\/19\/4261\/","title":{"rendered":"Obraz i s\u0142owo. Wystawa Tomasza Sikory w Willi Lentza"},"content":{"rendered":"<p>[et_pb_section fb_built=&#8221;1&#8243; _builder_version=&#8221;4.16.0&#8243; _module_preset=&#8221;default&#8221; custom_padding=&#8221;4px|||||&#8221; global_colors_info=&#8221;{}&#8221; theme_builder_area=&#8221;post_content&#8221;][et_pb_row _builder_version=&#8221;4.16&#8243; _module_preset=&#8221;default&#8221; custom_padding=&#8221;0px||0px|||&#8221; global_colors_info=&#8221;{}&#8221; theme_builder_area=&#8221;post_content&#8221;][et_pb_column type=&#8221;4_4&#8243; _builder_version=&#8221;4.16&#8243; _module_preset=&#8221;default&#8221; global_colors_info=&#8221;{}&#8221; theme_builder_area=&#8221;post_content&#8221;][et_pb_text _builder_version=&#8221;4.27.0&#8243; _module_preset=&#8221;default&#8221; global_colors_info=&#8221;{}&#8221; theme_builder_area=&#8221;post_content&#8221; hover_enabled=&#8221;0&#8243; sticky_enabled=&#8221;0&#8243;]<\/p>\n<p>Tomasz Sikora wraz z Arturem Wolskim postanowili wys\u0142a\u0107 kilkadziesi\u0105t fotografii do znanych i cenionych tw\u00f3rc\u00f3w. Pomys\u0142 z propozycj\u0105 wyboru jednego ze zdj\u0119\u0107 i napisania tekstu nim inspirowanego okaza\u0142 si\u0119 znakomity. Zaproszenie do wsp\u00f3\u0142pracy przyj\u0119li znakomici przedstawiciele polskiej kultury, m.in.: Marcin Bortkiewicz, Sylwia Chutnik, Jacek Cygan, Magda Czapi\u0144ska, Agnieszka Drotkiewicz, Wojciech Eichelberger, Judyta Fibiger, A\u0142bena Grabowska, Katarzyna Grochola, Miko\u0142aj Grynberg, Magdalena Grzeba\u0142kowska, Remigiusz Grzela, Cezary Harasimowicz, Zbyszek Ho\u0142dys, Anna Janko, Tomasz Jastrun, Maja Jaszewska, Grzegorz Kasdepke, Jacek Kleyff, Krystyna Kofta, Cezary \u0141azarewicz, Magdalena \u0141azarkiewicz, Filip \u0141obodzi\u0144ski, Pawe\u0142 \u0141ozi\u0144ski, \u0141ukasz Maciejewski, Kasia Miller, Anna Nasi\u0142owska, Daniel Odija, Micha\u0142 Og\u00f3rek, Tomasz Ososi\u0144ski, Anna Piwkowska, Renata Plaga, Mateusz Potera\u0144ski, Ariel Ros\u00e9, Janusz Rudnicki, Fysh Ruthetford, Andrzej Sikorowski, Grzegorz Sowula, Bo\u017cena Stachura, Aleksandra Szar\u0142at, Mariusz Szczygie\u0142, Ma\u0142gorzata Szejnert, Tomasz Szwed, Thupten Lekshe, Andrzej Titkow, Grzegorz Turnau, Agata Tuszy\u0144ska, Magda Umer, Maria Wiernikowska, Piotr Vienio Wi\u0119c\u0142awski, Dorota Wodecka, Maja Wolny, Jan Wo\u0142ek, Daniel Wyszogrodzki, Micha\u0142 Zab\u0142ocki, Ewa Zadrzy\u0144ska-G\u0142owacka, Magdalena Zawadzka.<\/p>\n<p>Na podstawie przes\u0142anych zdj\u0119\u0107 powsta\u0142y niezwyk\u0142e historie fabularne, strofy poetyckie, a tak\u017ce prozatorskie impresje. Ka\u017cdy z pisz\u0105cych, odnosz\u0105c si\u0119 do konkretnego zdj\u0119cia Sikory, odda\u0142 w opracowanym materiale charakterystyczny dla siebie spos\u00f3b wypowiedzi. W efekcie autorzy obraz\u00f3w i tekst\u00f3w wsp\u00f3lnie stworzyli niezwyk\u0142\u0105 opowie\u015b\u0107 o \u017cyciu, \u015bwiecie i o sobie.<\/p>\n<p>Efektem tej tw\u00f3rczej kooperacji, w kt\u00f3rej istniej\u0105 dwie przestrzenie OBRAZ i S\u0141OWO, jest wystawa z\u0142o\u017cona z kilkudziesi\u0119ciu genialnych fotografii, utwor\u00f3w literackich i film\u00f3w.<\/p>\n<p>Tomasz Sikora \u2013 wybitny artysta fotografik, zaliczany do grona najbardziej kreatywnych polskich fotograf\u00f3w. Tw\u00f3rca teatralnych i filmowych plakat\u00f3w, ilustracji ksi\u0105\u017ckowych, realizator prac dla europejskich i ameryka\u0144skich agencji reklamowych, autor kilkudziesi\u0119ciu wystaw indywidualnych na ca\u0142ym \u015bwiecie oraz kilkudziesi\u0119ciu wydawnictw autorskich.<\/p>\n<p>Tekst i zdj\u0119cia: materia\u0142y organizatora<\/p>\n<p>OBRAZ I S\u0141OWO<br \/>Wernisa\u017c: 21.09.2024<br \/>Miejsce: Willa Lentza, Szczecin<\/p>\n<p>[\/et_pb_text][\/et_pb_column][\/et_pb_row][\/et_pb_section][et_pb_section fb_built=&#8221;1&#8243; _builder_version=&#8221;4.27.0&#8243; _module_preset=&#8221;default&#8221; global_colors_info=&#8221;{}&#8221; theme_builder_area=&#8221;post_content&#8221;][et_pb_row _builder_version=&#8221;4.27.0&#8243; _module_preset=&#8221;default&#8221; global_colors_info=&#8221;{}&#8221; theme_builder_area=&#8221;post_content&#8221;][et_pb_column type=&#8221;4_4&#8243; _builder_version=&#8221;4.27.0&#8243; _module_preset=&#8221;default&#8221; global_colors_info=&#8221;{}&#8221; theme_builder_area=&#8221;post_content&#8221;][et_pb_gallery gallery_ids=&#8221;4264,4265,4266,4267,4268,4269&#8243; posts_number=&#8221;40&#8243; show_title_and_caption=&#8221;off&#8221; show_pagination=&#8221;off&#8221; _builder_version=&#8221;4.27.0&#8243; _module_preset=&#8221;default&#8221; global_colors_info=&#8221;{}&#8221; theme_builder_area=&#8221;post_content&#8221; hover_enabled=&#8221;0&#8243; sticky_enabled=&#8221;0&#8243;][\/et_pb_gallery][\/et_pb_column][\/et_pb_row][\/et_pb_section]<\/p>\n","protected":false},"excerpt":{"rendered":"<p>Tomasz Sikora wraz z Arturem Wolskim postanowili wys\u0142a\u0107 kilkadziesi\u0105t fotografii do znanych i cenionych tw\u00f3rc\u00f3w. Pomys\u0142 z propozycj\u0105 wyboru jednego ze zdj\u0119\u0107 i napisania tekstu nim inspirowanego okaza\u0142 si\u0119 znakomity. Zaproszenie do wsp\u00f3\u0142pracy przyj\u0119li znakomici przedstawiciele polskiej kultury, m.in.: Marcin Bortkiewicz, Sylwia Chutnik, Jacek Cygan, Magda Czapi\u0144ska, Agnieszka Drotkiewicz, Wojciech Eichelberger, Judyta Fibiger, A\u0142bena Grabowska, [&hellip;]<\/p>\n","protected":false},"author":1,"featured_media":4267,"comment_status":"closed","ping_status":"closed","sticky":false,"template":"","format":"standard","meta":{"_et_pb_use_builder":"on","_et_pb_old_content":"","_et_gb_content_width":"","footnotes":""},"categories":[9],"tags":[],"class_list":["post-4261","post","type-post","status-publish","format-standard","has-post-thumbnail","hentry","category-polecane"],"_links":{"self":[{"href":"https:\/\/format.asp.wroc.pl\/index.php\/wp-json\/wp\/v2\/posts\/4261","targetHints":{"allow":["GET"]}}],"collection":[{"href":"https:\/\/format.asp.wroc.pl\/index.php\/wp-json\/wp\/v2\/posts"}],"about":[{"href":"https:\/\/format.asp.wroc.pl\/index.php\/wp-json\/wp\/v2\/types\/post"}],"author":[{"embeddable":true,"href":"https:\/\/format.asp.wroc.pl\/index.php\/wp-json\/wp\/v2\/users\/1"}],"replies":[{"embeddable":true,"href":"https:\/\/format.asp.wroc.pl\/index.php\/wp-json\/wp\/v2\/comments?post=4261"}],"version-history":[{"count":6,"href":"https:\/\/format.asp.wroc.pl\/index.php\/wp-json\/wp\/v2\/posts\/4261\/revisions"}],"predecessor-version":[{"id":4274,"href":"https:\/\/format.asp.wroc.pl\/index.php\/wp-json\/wp\/v2\/posts\/4261\/revisions\/4274"}],"wp:featuredmedia":[{"embeddable":true,"href":"https:\/\/format.asp.wroc.pl\/index.php\/wp-json\/wp\/v2\/media\/4267"}],"wp:attachment":[{"href":"https:\/\/format.asp.wroc.pl\/index.php\/wp-json\/wp\/v2\/media?parent=4261"}],"wp:term":[{"taxonomy":"category","embeddable":true,"href":"https:\/\/format.asp.wroc.pl\/index.php\/wp-json\/wp\/v2\/categories?post=4261"},{"taxonomy":"post_tag","embeddable":true,"href":"https:\/\/format.asp.wroc.pl\/index.php\/wp-json\/wp\/v2\/tags?post=4261"}],"curies":[{"name":"wp","href":"https:\/\/api.w.org\/{rel}","templated":true}]}}