{"id":4488,"date":"2024-11-05T07:39:32","date_gmt":"2024-11-05T07:39:32","guid":{"rendered":"https:\/\/format.asp.wroc.pl\/?p=4488"},"modified":"2024-11-05T07:39:32","modified_gmt":"2024-11-05T07:39:32","slug":"4488","status":"publish","type":"post","link":"https:\/\/format.asp.wroc.pl\/index.php\/2024\/11\/05\/4488\/","title":{"rendered":"Na \u015brodkowym pasie latem trawa by\u0142a wysoka"},"content":{"rendered":"<p>[et_pb_section fb_built=&#8221;1&#8243; _builder_version=&#8221;4.16.0&#8243; _module_preset=&#8221;default&#8221; custom_padding=&#8221;4px|||||&#8221; global_colors_info=&#8221;{}&#8221; theme_builder_area=&#8221;post_content&#8221;][et_pb_row _builder_version=&#8221;4.16&#8243; _module_preset=&#8221;default&#8221; custom_padding=&#8221;0px||0px|||&#8221; global_colors_info=&#8221;{}&#8221; theme_builder_area=&#8221;post_content&#8221;][et_pb_column type=&#8221;4_4&#8243; _builder_version=&#8221;4.16&#8243; _module_preset=&#8221;default&#8221; global_colors_info=&#8221;{}&#8221; theme_builder_area=&#8221;post_content&#8221;][et_pb_text _builder_version=&#8221;4.27.2&#8243; _module_preset=&#8221;default&#8221; hover_enabled=&#8221;0&#8243; global_colors_info=&#8221;{}&#8221; theme_builder_area=&#8221;post_content&#8221; sticky_enabled=&#8221;0&#8243;]<\/p>\n<p>Od pocz\u0105tku listopada w Galerii Fotografii pf Centrum Kultury ZAMEK w Poznaniu b\u0119dzie mo\u017cna zobaczy\u0107 najnowsz\u0105 wystaw\u0119 fotograficzn\u0105 \u201eNa \u015brodkowym pasie latem trawa by\u0142a wysoka\u201d, na kt\u00f3r\u0105 z\u0142o\u017c\u0105 si\u0119 fotografie archiwalne autostrady A4. Jej szczeg\u00f3lne uj\u0119cia przedstawiaj\u0105 t\u0119 wa\u017cn\u0105 lini\u0119 komunikacyjn\u0105 jako przestrze\u0144 pe\u0142n\u0105 symboli, zamieniaj\u0105c j\u0105 w labirynt, przenosz\u0105cy osoby zwiedzaj\u0105ce w podr\u00f3\u017c przez histori\u0119 Dolnego \u015al\u0105ska. Kuratork\u0105 wystawy jest Agata Ciasto\u0144 \u2013 badaczka i kulturoznawczyni.<\/p>\n<p>Autostrada \u2013 o precyzyjnych, in\u017cynieryjnych parametrach i \u015bci\u015ble wyliczonych k\u0105tach zakr\u0119t\u00f3w \u2013 na wystawie przeistacza si\u0119 w metafor\u0119 czasu i przestrzeni. Zdj\u0119cia przenosz\u0105 odbiorc\u00f3w(-czynie) do minionych dekad pe\u0142nych mroku i niepewno\u015bci, ale te\u017c chwil beztroski. To r\u00f3wnie\u017c w\u0119dr\u00f3wka przez zmieniaj\u0105ce si\u0119 realia polityczne, kt\u00f3re \u0142\u0105cz\u0105 historie miejsc i ludzi. Beton autostrady, sp\u0119kany i wyblak\u0142y, staje si\u0119 tu \u015bwiadkiem przesz\u0142o\u015bci. Wystawa stawia pytania o to, co by\u0107 mo\u017ce on pami\u0119ta, oraz o nieludzkich i ludzkich aktor\u00f3w wsp\u00f3\u0142tworz\u0105cych t\u0119 tras\u0119 na wielu poziomach.<\/p>\n<p>Agata Ciasto\u0144, kuratorka wystawy, jest badaczk\u0105, kulturoznawczyni\u0105 i autork\u0105 tekst\u00f3w. W swojej pracy interesuje si\u0119 przede wszystkim problematyka\u0328 r\u00f3\u017cnorodnie pojmowanych granic i terytori\u00f3w. W jej projektach cz\u0119sto powracaj\u0105 zagadnienia dotycz\u0105ce wieloznaczno\u015bci krajobrazu oraz relacji cz\u0142owieka ze \u015bwiatem zwierz\u0105t, ro\u015blin i rzeczy. Uzyska\u0142a tytu\u0142 doktory w dziedzinie kulturoznawstwa na Uniwersytecie Wroc\u0142awskim. Od wielu lat wsp\u00f3\u0142pracuje z instytucjami kultury, plac\u00f3wkami edukacyjnymi oraz wydawnictwami. By\u0142a pomys\u0142odawczyni\u0105, koordynatorka\u0328 i kuratorka\u0328 wystaw zbiorowych, m.in. \u201ePoezja i performans. Perspektywa wschodnioeuropejska\u201d i \u201eMiesi\u0119cznik \u00bbFotografia\u00ab 1953\u20131974\u201d, oraz wielu indywidualnych. Pe\u0142ni\u0142a r\u00f3wnie\u017c funkcj\u0119 kuratorki mi\u0119dzynarodowych rezydencji artystycznych. Jej debiutancka ksi\u0105\u017cka \u201eNa \u015brodkowym pasie latem trawa by\u0142a wysoka\u201d, wydana w 2024 roku, sta\u0142a si\u0119 inspiracj\u0105 do powstania tej wystawy.<\/p>\n<p>\u201eSkonfrontowa\u0142am ze sob\u0105 obrazy z odleg\u0142ych kontekst\u00f3w i czas\u00f3w, \u017ceby obserwowa\u0107, jak zaczynaj\u0105 przeczy\u0107 same sobie, a jednocze\u015bnie, jak ich sensy tworz\u0105 si\u0119 na nowo oraz, jak autostrada, droga o \u015bci\u015ble okre\u015blonych parametrach, z precyzyjnie wyliczonymi k\u0105tami zakr\u0119t\u00f3w, staje si\u0119 labiryntem\u201d \u2013 pisze kuratorka wystawy, Agata Ciasto\u0144.<\/p>\n<p>Wszystkich zainteresowanych Galeria Fotografii pf zaprasza na podr\u00f3\u017c w czasie, po\u015br\u00f3d fotografii, kt\u00f3re odkrywaj\u0105 histori\u0119 autostrady, przyrody i ludzi.<\/p>\n<p>Projekt \u201eOd bundesautobahn 4 do autostrady A4 i z powrotem\u201d, kt\u00f3rego zwie\u0144czeniem jest wystawa i ksi\u0105\u017cka, zosta\u0142 zrealizowany w 2022 roku ze \u015brodk\u00f3w pochodz\u0105cych ze stypendium Miasta Wroc\u0142awia dla os\u00f3b zajmuj\u0105cych si\u0119\u0328 tw\u00f3rczo\u015bci\u0105\u0328 artystyczna\u0328 oraz upowszechnianiem kultury.<\/p>\n<p>Tekst i zdj\u0119cia: materia\u0142y organizatora<\/p>\n<p>NA \u015aRODKOWYM PASIE LATEM TRAWA BY\u0141A WYSOKA<br \/>8.11.2024\u20135.01.2025<br \/>Kuratorka: Agata Ciasto\u0144 <br \/>Galeria Fotografii pf, Centrum Kultury ZAMEK w Poznaniu<\/p>\n<p>[\/et_pb_text][\/et_pb_column][\/et_pb_row][\/et_pb_section][et_pb_section fb_built=&#8221;1&#8243; _builder_version=&#8221;4.27.0&#8243; _module_preset=&#8221;default&#8221; global_colors_info=&#8221;{}&#8221; theme_builder_area=&#8221;post_content&#8221;][et_pb_row _builder_version=&#8221;4.27.0&#8243; _module_preset=&#8221;default&#8221; global_colors_info=&#8221;{}&#8221; theme_builder_area=&#8221;post_content&#8221;][et_pb_column type=&#8221;4_4&#8243; _builder_version=&#8221;4.27.0&#8243; _module_preset=&#8221;default&#8221; global_colors_info=&#8221;{}&#8221; theme_builder_area=&#8221;post_content&#8221;][et_pb_gallery gallery_ids=&#8221;4490,4491,4492,4493,4494&#8243; posts_number=&#8221;40&#8243; show_title_and_caption=&#8221;off&#8221; show_pagination=&#8221;off&#8221; _builder_version=&#8221;4.27.2&#8243; _module_preset=&#8221;default&#8221; hover_enabled=&#8221;0&#8243; global_colors_info=&#8221;{}&#8221; theme_builder_area=&#8221;post_content&#8221; sticky_enabled=&#8221;0&#8243;][\/et_pb_gallery][\/et_pb_column][\/et_pb_row][\/et_pb_section]<\/p>\n","protected":false},"excerpt":{"rendered":"<p>Od pocz\u0105tku listopada w Galerii Fotografii pf Centrum Kultury ZAMEK w Poznaniu b\u0119dzie mo\u017cna zobaczy\u0107 najnowsz\u0105 wystaw\u0119 fotograficzn\u0105 \u201eNa \u015brodkowym pasie latem trawa by\u0142a wysoka\u201d, na kt\u00f3r\u0105 z\u0142o\u017c\u0105 si\u0119 fotografie archiwalne autostrady A4. Jej szczeg\u00f3lne uj\u0119cia przedstawiaj\u0105 t\u0119 wa\u017cn\u0105 lini\u0119 komunikacyjn\u0105 jako przestrze\u0144 pe\u0142n\u0105 symboli, zamieniaj\u0105c j\u0105 w labirynt, przenosz\u0105cy osoby zwiedzaj\u0105ce w podr\u00f3\u017c przez [&hellip;]<\/p>\n","protected":false},"author":1,"featured_media":4494,"comment_status":"closed","ping_status":"closed","sticky":false,"template":"","format":"standard","meta":{"_et_pb_use_builder":"on","_et_pb_old_content":"","_et_gb_content_width":"","footnotes":""},"categories":[9],"tags":[],"class_list":["post-4488","post","type-post","status-publish","format-standard","has-post-thumbnail","hentry","category-polecane"],"_links":{"self":[{"href":"https:\/\/format.asp.wroc.pl\/index.php\/wp-json\/wp\/v2\/posts\/4488","targetHints":{"allow":["GET"]}}],"collection":[{"href":"https:\/\/format.asp.wroc.pl\/index.php\/wp-json\/wp\/v2\/posts"}],"about":[{"href":"https:\/\/format.asp.wroc.pl\/index.php\/wp-json\/wp\/v2\/types\/post"}],"author":[{"embeddable":true,"href":"https:\/\/format.asp.wroc.pl\/index.php\/wp-json\/wp\/v2\/users\/1"}],"replies":[{"embeddable":true,"href":"https:\/\/format.asp.wroc.pl\/index.php\/wp-json\/wp\/v2\/comments?post=4488"}],"version-history":[{"count":3,"href":"https:\/\/format.asp.wroc.pl\/index.php\/wp-json\/wp\/v2\/posts\/4488\/revisions"}],"predecessor-version":[{"id":4497,"href":"https:\/\/format.asp.wroc.pl\/index.php\/wp-json\/wp\/v2\/posts\/4488\/revisions\/4497"}],"wp:featuredmedia":[{"embeddable":true,"href":"https:\/\/format.asp.wroc.pl\/index.php\/wp-json\/wp\/v2\/media\/4494"}],"wp:attachment":[{"href":"https:\/\/format.asp.wroc.pl\/index.php\/wp-json\/wp\/v2\/media?parent=4488"}],"wp:term":[{"taxonomy":"category","embeddable":true,"href":"https:\/\/format.asp.wroc.pl\/index.php\/wp-json\/wp\/v2\/categories?post=4488"},{"taxonomy":"post_tag","embeddable":true,"href":"https:\/\/format.asp.wroc.pl\/index.php\/wp-json\/wp\/v2\/tags?post=4488"}],"curies":[{"name":"wp","href":"https:\/\/api.w.org\/{rel}","templated":true}]}}