{"id":4895,"date":"2025-01-08T11:25:06","date_gmt":"2025-01-08T11:25:06","guid":{"rendered":"https:\/\/format.asp.wroc.pl\/?p=4895"},"modified":"2025-01-08T11:26:11","modified_gmt":"2025-01-08T11:26:11","slug":"4895","status":"publish","type":"post","link":"https:\/\/format.asp.wroc.pl\/index.php\/2025\/01\/08\/4895\/","title":{"rendered":"Tomasz Dobiszewski. Je\u015bli zimow\u0105 noc\u0105 podr\u00f3\u017cny"},"content":{"rendered":"<p>[et_pb_section fb_built=&#8221;1&#8243; _builder_version=&#8221;4.16.0&#8243; _module_preset=&#8221;default&#8221; custom_padding=&#8221;4px|||||&#8221; global_colors_info=&#8221;{}&#8221;][et_pb_row _builder_version=&#8221;4.16&#8243; _module_preset=&#8221;default&#8221; custom_padding=&#8221;0px||0px|||&#8221; global_colors_info=&#8221;{}&#8221;][et_pb_column type=&#8221;4_4&#8243; _builder_version=&#8221;4.16&#8243; _module_preset=&#8221;default&#8221; global_colors_info=&#8221;{}&#8221;][et_pb_text _builder_version=&#8221;4.27.4&#8243; _module_preset=&#8221;default&#8221; custom_padding=&#8221;||2px|||&#8221; hover_enabled=&#8221;0&#8243; global_colors_info=&#8221;{}&#8221; sticky_enabled=&#8221;0&#8243;]<\/p>\n<p style=\"text-align: justify;\">Najnowsza wystawa Tomasza Dobiszewskiego tytu\u0142em nawi\u0105zuje do powie\u015bci Italo Calvino <em>Je\u015bli zimow\u0105 noc\u0105 podr\u00f3\u017cny<\/em> z 1979 roku, kt\u00f3rej eksperymentalna formu\u0142a oferuje czytelnikowi rodzaj hipertekstu i wariantowo\u015b\u0107 fabu\u0142y. Utw\u00f3r ten, pe\u0142en zaniecha\u0144 i porzuce\u0144 w kulminacyjnych momentach narracji, sta\u0142 si\u0119 dla artysty wizualnego inspiracj\u0105 do namys\u0142u nad percepcj\u0105 rzeczywisto\u015bci we wsp\u00f3\u0142czesnym \u015bwiecie. Percepcj\u0105, kt\u00f3ra r\u00f3wnie\u017c podlega nieci\u0105g\u0142o\u015bci, zaburzeniom i przekszta\u0142ceniom. Pos\u0142uguj\u0105c si\u0119 j\u0119zykiem obrazu Dobiszewski, tworzy otwarte, intermedialne realizacje, skupione na momentach zderzenia wyobra\u017conego, z tym, co materialne. Obna\u017ca jednocze\u015bnie subiektywn\u0105 natur\u0119 postrzegania i do\u015bwiadczania \u015bwiata.<\/p>\n<p style=\"text-align: justify;\">Wsp\u00f3\u0142czesny \u015bwiat charakteryzuje si\u0119 intensywnym zapo\u015bredniczaniem rzeczywisto\u015bci przez media cyfrowe, kt\u00f3re redefiniuj\u0105 nasze sposoby do\u015bwiadczania, postrzegania i interpretowania otoczenia. W tej nowej przestrzeni wirtualno\u015b\u0107 staje si\u0119 \u201enatur\u0105\u201d \u2013 \u017ar\u00f3d\u0142em inspiracji, miejscem poznania i polem eksploracji dla tw\u00f3rc\u00f3w. Z drugiej strony owa sytuacja wymaga postawienia sobie pytania: jak wsp\u00f3\u0142czesna percepcja, kszta\u0142towana przez fragmentaryczne dane, funkcjonuje w \u015bwiecie, kt\u00f3ry wymaga od nas nieustannej interpretacji? Cyfrowe zapo\u015bredniczenie do\u015bwiadcze\u0144 z jednej strony poszerza nasz\u0105 wiedz\u0119 dzi\u0119ki globalnemu dost\u0119powi do informacji, z drugiej jednak ogranicza j\u0105, opieraj\u0105c si\u0119 na selektywnych, niekompletnych lub zniekszta\u0142conych obrazach rzeczywisto\u015bci. Prace znajduj\u0105ce si\u0119 na wystawie pr\u00f3buj\u0105 ukaza\u0107, jak te procesy wp\u0142ywaj\u0105 na sztuk\u0119, staj\u0105c si\u0119 jednocze\u015bnie \u017ar\u00f3d\u0142em inspiracji, ale te\u017c i narz\u0119dziem krytycznej analizy wsp\u00f3\u0142czesnego \u015bwiata.<\/p>\n<p style=\"text-align: justify;\">Inspiruj\u0105c si\u0119 wielow\u0105tkow\u0105 form\u0105 literackiego eksperymentu Italo Calvino, stworzy\u0142em wystaw\u0119, kt\u00f3ra zwraca uwag\u0119 na fragmentaryczno\u015b\u0107 do\u015bwiadcze\u0144 w \u015bwiecie przesyconym obrazami i danymi, a tak\u017ce na nieustanny proces interpretowania rzeczywisto\u015bci, w kt\u00f3rym percepcja odbiorcy staje si\u0119 integralnym elementem konstrukcji znacze\u0144. Ksi\u0105\u017cka Calvino opiera si\u0119 na ci\u0105g\u0142ych rozpocz\u0119ciach \u2013 historiach urywaj\u0105cych si\u0119 w kluczowych momentach, kt\u00f3re wymagaj\u0105 od czytelnika aktywnego udzia\u0142u w ich dopowiadaniu. Podobnie jest z prezentowanymi pracami: ka\u017cda opowiada inn\u0105 histori\u0119, reprezentuje odmienny styl i medium \u2013 fotografi\u0119, animacj\u0119, wideo, grafik\u0119 czy obiekt \u2013 tworz\u0105c jednocze\u015bnie otwart\u0105 struktur\u0119, w kt\u00f3rej widz staje si\u0119 wsp\u00f3\u0142tw\u00f3rc\u0105 narracji. Sztuka, jako \u017ar\u00f3d\u0142o refleksji nad procesem tworzenia i percepcji, podobnie jak u Calvino, nie oferuje gotowych odpowiedzi, lecz stawia pytania o to, jak tropy, \u015blady i fragmenty mog\u0105 by\u0107 \u0142\u0105czone w nowe narracje.<\/p>\n<p style=\"text-align: justify;\">Celem wystawy jest nie tylko ukazanie nowych kierunk\u00f3w artystycznych poszukiwa\u0144, lecz tak\u017ce poszerzenie j\u0119zyka sztuki poprzez intermedialne po\u0142\u0105czenia i eksperymenty formalne. Zaprezentowane strategie tworzenia obraz\u00f3w, s\u0105 pr\u00f3b\u0105 zmiany sposob\u00f3w postrzegania rzeczywisto\u015bci, a tak\u017ce sugeruj\u0105 nowe formy dialogu mi\u0119dzy tym, co wirtualne, a tym, co materialne. Wystawa zaprasza widza do mentalnej podr\u00f3\u017cy po \u015bladach, kt\u00f3re razem tworz\u0105 wyobra\u017cenie wsp\u00f3\u0142czesnego \u015bwiata \u2013 fragmentarycznego, wieloznacznego, wymagaj\u0105cego zaanga\u017cowania w jego dopowiedzenie i zrozumienie. To refleksja nad rzeczywisto\u015bci\u0105, kt\u00f3ra nigdy nie jest dana w ca\u0142o\u015bci, lecz zawsze sk\u0142ada si\u0119 z element\u00f3w, kt\u00f3re \u0142\u0105czymy, tworz\u0105c jedynie tymczasow\u0105 i subiektywn\u0105 ca\u0142o\u015b\u0107.<\/p>\n<p style=\"text-align: justify;\"><strong>Tomasz Dobiszewski<\/strong> (1977) uko\u0144czy\u0142 Akademi\u0119 Sztuk Pi\u0119knych w Poznaniu i Mi\u0119dzywydzia\u0142owe Studia Doktoranckie w Akademii Sztuk Pi\u0119knych im. Eugeniusza Gepperta we Wroc\u0142awiu, w kt\u00f3rej pracuje. W latach 2008-2010 zwi\u0105zany z galeri\u0105 Foto-Medium-Art w Krakowie. Wsp\u00f3\u0142pracowa\u0142 z grupami FUgg, laubyn, 6_3 oraz Blackout. Mieszka i pracuje we Wroc\u0142awiu. Swoj\u0105 wypowied\u017a artystyczn\u0105 formu\u0142uje za pomoc\u0105 fotografii, wideo, animacji, instalacji multimedialnych i site-specific, mail artu czy book artu. Stypendysta Ministra Kultury i Dziedzictwa Narodowego, Prezydenta Miasta Wroc\u0142awia i laureat Stypendium im. Jerzego Grotowskiego za osi\u0105gni\u0119cia w dziedzinie sztuki.<br \/><a href=\"https:\/\/dobiszewski.com\">www.dobiszewski.com<\/a><\/p>\n<p style=\"text-align: justify;\">Tekst i zdj\u0119cia: Tomasz Dobiszewski<\/p>\n<p style=\"text-align: justify;\">Tomasz Dobiszewski<br \/>Je\u015bli zimow\u0105 noc\u0105 podr\u00f3\u017cny<br \/>9.01 \u2013 03.02.2023<br \/>Kuratorka: Patrycja Sikora<br \/>Galeria Geppart ASP Wroc\u0142aw<br \/>ul. Ksi\u0119cia Witolda 68\/2 (I pi\u0119tro)<br \/>PIEKARNIA \u017bywa Kultura, Wroc\u0142aw<\/p>\n<p>[\/et_pb_text][\/et_pb_column][\/et_pb_row][\/et_pb_section][et_pb_section fb_built=&#8221;1&#8243; _builder_version=&#8221;4.27.0&#8243; _module_preset=&#8221;default&#8221; global_colors_info=&#8221;{}&#8221;][et_pb_row _builder_version=&#8221;4.27.0&#8243; _module_preset=&#8221;default&#8221; global_colors_info=&#8221;{}&#8221;][et_pb_column type=&#8221;4_4&#8243; _builder_version=&#8221;4.27.0&#8243; _module_preset=&#8221;default&#8221; global_colors_info=&#8221;{}&#8221;][et_pb_gallery gallery_ids=&#8221;4897,4898,4899,4900,4901,4902,4903,4904,4905,4906,4907,4908,4909,4910&#8243; posts_number=&#8221;50&#8243; show_title_and_caption=&#8221;off&#8221; show_pagination=&#8221;off&#8221; _builder_version=&#8221;4.27.4&#8243; _module_preset=&#8221;default&#8221; global_colors_info=&#8221;{}&#8221;][\/et_pb_gallery][\/et_pb_column][\/et_pb_row][\/et_pb_section]<\/p>\n","protected":false},"excerpt":{"rendered":"<p>Najnowsza wystawa Tomasza Dobiszewskiego tytu\u0142em nawi\u0105zuje do powie\u015bci Italo Calvino Je\u015bli zimow\u0105 noc\u0105 podr\u00f3\u017cny z 1979 roku, kt\u00f3rej eksperymentalna formu\u0142a oferuje czytelnikowi rodzaj hipertekstu i wariantowo\u015b\u0107 fabu\u0142y. Utw\u00f3r ten, pe\u0142en zaniecha\u0144 i porzuce\u0144 w kulminacyjnych momentach narracji, sta\u0142 si\u0119 dla artysty wizualnego inspiracj\u0105 do namys\u0142u nad percepcj\u0105 rzeczywisto\u015bci we wsp\u00f3\u0142czesnym \u015bwiecie. Percepcj\u0105, kt\u00f3ra r\u00f3wnie\u017c podlega [&hellip;]<\/p>\n","protected":false},"author":1,"featured_media":4910,"comment_status":"closed","ping_status":"closed","sticky":false,"template":"","format":"standard","meta":{"_et_pb_use_builder":"on","_et_pb_old_content":"","_et_gb_content_width":"","footnotes":""},"categories":[9],"tags":[],"class_list":["post-4895","post","type-post","status-publish","format-standard","has-post-thumbnail","hentry","category-polecane"],"_links":{"self":[{"href":"https:\/\/format.asp.wroc.pl\/index.php\/wp-json\/wp\/v2\/posts\/4895","targetHints":{"allow":["GET"]}}],"collection":[{"href":"https:\/\/format.asp.wroc.pl\/index.php\/wp-json\/wp\/v2\/posts"}],"about":[{"href":"https:\/\/format.asp.wroc.pl\/index.php\/wp-json\/wp\/v2\/types\/post"}],"author":[{"embeddable":true,"href":"https:\/\/format.asp.wroc.pl\/index.php\/wp-json\/wp\/v2\/users\/1"}],"replies":[{"embeddable":true,"href":"https:\/\/format.asp.wroc.pl\/index.php\/wp-json\/wp\/v2\/comments?post=4895"}],"version-history":[{"count":4,"href":"https:\/\/format.asp.wroc.pl\/index.php\/wp-json\/wp\/v2\/posts\/4895\/revisions"}],"predecessor-version":[{"id":4914,"href":"https:\/\/format.asp.wroc.pl\/index.php\/wp-json\/wp\/v2\/posts\/4895\/revisions\/4914"}],"wp:featuredmedia":[{"embeddable":true,"href":"https:\/\/format.asp.wroc.pl\/index.php\/wp-json\/wp\/v2\/media\/4910"}],"wp:attachment":[{"href":"https:\/\/format.asp.wroc.pl\/index.php\/wp-json\/wp\/v2\/media?parent=4895"}],"wp:term":[{"taxonomy":"category","embeddable":true,"href":"https:\/\/format.asp.wroc.pl\/index.php\/wp-json\/wp\/v2\/categories?post=4895"},{"taxonomy":"post_tag","embeddable":true,"href":"https:\/\/format.asp.wroc.pl\/index.php\/wp-json\/wp\/v2\/tags?post=4895"}],"curies":[{"name":"wp","href":"https:\/\/api.w.org\/{rel}","templated":true}]}}