{"id":5390,"date":"2025-03-11T15:40:13","date_gmt":"2025-03-11T15:40:13","guid":{"rendered":"https:\/\/format.asp.wroc.pl\/?p=5390"},"modified":"2025-03-13T09:51:36","modified_gmt":"2025-03-13T09:51:36","slug":"5390","status":"publish","type":"post","link":"https:\/\/format.asp.wroc.pl\/index.php\/2025\/03\/11\/5390\/","title":{"rendered":"Agata di Masternak. Powr\u00f3t do domu \/ Homecoming \/ Jak na g\u00f3rze tak na dole"},"content":{"rendered":"<p>[et_pb_section fb_built=&#8221;1&#8243; _builder_version=&#8221;4.16.0&#8243; _module_preset=&#8221;default&#8221; custom_padding=&#8221;4px|||||&#8221; global_colors_info=&#8221;{}&#8221;][et_pb_row _builder_version=&#8221;4.16&#8243; _module_preset=&#8221;default&#8221; custom_padding=&#8221;0px||0px|||&#8221; global_colors_info=&#8221;{}&#8221;][et_pb_column type=&#8221;4_4&#8243; _builder_version=&#8221;4.16&#8243; _module_preset=&#8221;default&#8221; global_colors_info=&#8221;{}&#8221;][et_pb_text _builder_version=&#8221;4.27.4&#8243; _module_preset=&#8221;default&#8221; global_colors_info=&#8221;{}&#8221;]<\/p>\n<p style=\"text-align: justify;\">Agata di Masternak to wsp\u00f3\u0142czesna polska artystka multimedialna, kt\u00f3ra mieszka i tworzy w Londynie. Uko\u0144czy\u0142a Akademi\u0119 Sztuk Pi\u0119knych w Warszawie w Pracowni Malarstwa prof. Krzysztofa Wachowiaka (2010), Pracowni Tkaniny Artystycznej prof. Doroty Grynczel oraz w Pracowni Rze\u017aby prof. Adama Myjaka oraz Central Saint Martins College w Londynie.<\/p>\n<p style=\"text-align: justify;\">Dzia\u0142a w dziedzinie malarstwa, rze\u017aby, animacji i instalacji. Jej posta\u0107 i tw\u00f3rczo\u015b\u0107 by\u0142y tematem artyku\u0142\u00f3w prasowych. Jest te\u017c bohaterk\u0105 filmu dokumentalnego Twarze Agaty w re\u017cyserii Ma\u0142gorzaty Kozery, kt\u00f3ry zosta\u0142 nagrodzony Z\u0142otym Lajkonikiem dla najlepszego filmu dokumentalnego powy\u017cej 30 minut w Konkursie Polskim Krakowskiego Festiwalu Filmowego (2023).<\/p>\n<p style=\"text-align: justify;\">Artystka, po 47 operacjach, zmaga si\u0119 od 27 lat ze \u015bmierteln\u0105 chorob\u0105, czerpie inspiracje z w\u0142asnych do\u015bwiadcze\u0144. Swoje prze\u017cycia przek\u0142ada na j\u0119zyk sztuki, \u0142\u0105cz\u0105c je z uniwersalnymi pytaniami o to\u017csamo\u015b\u0107 i mi\u0142o\u015b\u0107, o granice pomi\u0119dzy \u017cyciem a \u015bmierci\u0105. Poprzez niezwykle intymne dzie\u0142a zaprasza widz\u00f3w w podr\u00f3\u017c w g\u0142\u0105b ludzkiej psychiki. Zainspirowana prze\u017cyciami zwi\u0105zanymi z d\u0142ugotrwa\u0142\u0105 walk\u0105 o zdrowie, stworzy\u0142a wyj\u0105tkowy j\u0119zyk artystyczny, w kt\u00f3rym b\u00f3l, nadzieja i przemiana splataj\u0105 si\u0119 w harmonijn\u0105 ca\u0142o\u015b\u0107.<\/p>\n<p style=\"text-align: justify;\">Agata di Masternak eksperymentowa\u0142a z wieloma technikami w swojej tw\u00f3rczo\u015bci. Ka\u017cdy materia\u0142 ma dla niej symboliczne znaczenie. Technika Agaty obejmuje malowanie farbami do jedwabiu, pastelami suchymi i olejnymi, a tak\u017ce wielowymiarowy haft, co pozwala na tworzenie dzie\u0142 o bogatej fakturze i warstwowej g\u0142\u0119bi. Jej prace \u0142\u0105cz\u0105 subtelno\u015b\u0107 i intensywno\u015b\u0107, ulotno\u015b\u0107 i trwa\u0142o\u015b\u0107, a tak\u017ce przenikanie si\u0119 wielowymiarowych rzeczywisto\u015bci. Unikalne po\u0142\u0105czenie r\u00f3\u017cnorodnych technik i materia\u0142\u00f3w oraz subtelne operowanie \u015bwiat\u0142em nadaj\u0105 dzie\u0142om niezwyk\u0142\u0105 g\u0142\u0119bi\u0119 i ekspresj\u0119.<\/p>\n<p style=\"text-align: justify;\">W wystawie prezentowanej w Galerii Test kluczow\u0105 rol\u0119 odgrywa jedwab, kt\u00f3ry symbolizuje delikatno\u015b\u0107 i trwa\u0142o\u015b\u0107. Jego transparentno\u015b\u0107 pozwala na subteln\u0105 gr\u0119 \u015bwiat\u0142a i barw, a \u015bwietlne ramy nadaj\u0105 obrazom niemal sakralny charakter. Wystawa <em>Powr\u00f3t do domu \/ Homecoming\/ Jak na g\u00f3rze tak na dole<\/em>, zaprasza widza do zanurzenia si\u0119 w \u015bwiat emocji, wspomnie\u0144 i refleksji. Dzie\u0142a artystki, cho\u0107 zakorzenione w jej do\u015bwiadczeniach, przemawiaj\u0105 j\u0119zykiem uniwersalnym. To sztuka wykraczaj\u0105ca poza granice wizualnego odbioru, anga\u017cuj\u0105ca r\u00f3wnie\u017c wra\u017cliwo\u015b\u0107 i introspekcj\u0119. Wystawa zach\u0119ca widza do zag\u0142\u0119bienia si\u0119 w \u015bwiat artystki \u2013 a tym samym w sw\u00f3j w\u0142asny. Zaprasza do zatrzymania si\u0119, spojrzenia w g\u0142\u0105b siebie i odnalezienia fragment\u00f3w w\u0142asnej historii w pracach Agaty.<\/p>\n<p style=\"text-align: justify;\">Prezentowane serie <em>Portale pami\u0119ci<\/em> i <em>Jak na g\u00f3rze tak na dole<\/em> s\u0105 inspirowane prze\u017cyciem zjawiska \u201ewyj\u015bcia z cia\u0142a\u201d \u2013 momentem bliskim \u015bmierci, kt\u00f3rego artystka do\u015bwiadczy\u0142a wiele lat temu. To g\u0142\u0119boko zmieni\u0142o jej spos\u00f3b postrzegania rzeczywisto\u015bci i odczuwania, uwolni\u0142o j\u0105 od l\u0119ku przed umieraniem, przynios\u0142o spok\u00f3j i ukojenie, jednocze\u015bnie dodaj\u0105c si\u0142 i inspiracji do dalszego \u017cycia oraz wskazuj\u0105c to, co naprawd\u0119 istotne. Podczas gdy przesz\u0142o\u015b\u0107, tera\u017aniejszo\u015b\u0107 i przysz\u0142o\u015b\u0107 mog\u0105 wydawa\u0107 si\u0119 odr\u0119bnymi bytami na osi czasu, nadrz\u0119dne tematy mi\u0142o\u015bci, jedno\u015bci, eksplorowania nieznanego \u0142\u0105cz\u0105 je ze sob\u0105. Tworz\u0105 wsp\u00f3ln\u0105 przestrze\u0144 \u015bwiadomo\u015bci \u2013 powr\u00f3t do domu, do jedno\u015bci z samym sob\u0105.<\/p>\n<p style=\"text-align: justify;\">D\u0105\u017c\u0105c do g\u0142\u0119bszego wnikni\u0119cia w pod\u015bwiadomo\u015b\u0107, artystka w\u0142\u0105cza do swoich prac wolnostoj\u0105ce, abstrakcyjne obrazy na jedwabiu, haftowane jedwabn\u0105 nici\u0105. Tworz\u0105 one przestrze\u0144 nieznanego, nieokie\u0142znanego i nieodgadnionego \u2013 symbolicznego \u201edomu\u201d, w kt\u00f3rym cz\u0142owiek czuje si\u0119 zjednoczony ze swoj\u0105 istot\u0105 i prawd\u0105. Miejsca, gdzie nie musi udawa\u0107 nikogo innego \u2013 mo\u017ce po prostu by\u0107 sob\u0105.<\/p>\n<p style=\"text-align: justify;\">Tekst i zdj\u0119cia: materia\u0142y organizatora<\/p>\n<p style=\"text-align: justify;\">Agata di Masternak. Powr\u00f3t do domu \/ Jak na g\u00f3rze tak na dole<br \/>12.03\u201323.04.2025<br \/>Wernisa\u017c 12 marca, godz. 19:00\u201321:30<br \/>Kuratorka wystawy: Anna Hlebowicz<br \/>Galeria Test, ul. Marsza\u0142kowska 34\/50, Warszawa<\/p>\n<p>[\/et_pb_text][\/et_pb_column][\/et_pb_row][\/et_pb_section][et_pb_section fb_built=&#8221;1&#8243; _builder_version=&#8221;4.16.0&#8243; _module_preset=&#8221;default&#8221; custom_padding=&#8221;0px||0px|||&#8221; global_colors_info=&#8221;{}&#8221;][et_pb_row use_custom_gutter=&#8221;on&#8221; gutter_width=&#8221;2&#8243; _builder_version=&#8221;4.16.0&#8243; _module_preset=&#8221;default&#8221; custom_padding=&#8221;0px|||||&#8221; global_colors_info=&#8221;{}&#8221;][et_pb_column type=&#8221;4_4&#8243; _builder_version=&#8221;4.16.0&#8243; _module_preset=&#8221;default&#8221; global_colors_info=&#8221;{}&#8221;][et_pb_gallery gallery_ids=&#8221;5422,5423,5424,5425,5426,5427,5428,5429,5430&#8243; posts_number=&#8221;40&#8243; show_title_and_caption=&#8221;off&#8221; show_pagination=&#8221;off&#8221; _builder_version=&#8221;4.27.4&#8243; _module_preset=&#8221;default&#8221; custom_margin=&#8221;||20px|||&#8221; global_colors_info=&#8221;{}&#8221;][\/et_pb_gallery][\/et_pb_column][\/et_pb_row][\/et_pb_section]<\/p>\n","protected":false},"excerpt":{"rendered":"<p>Agata di Masternak to wsp\u00f3\u0142czesna polska artystka multimedialna, kt\u00f3ra mieszka i tworzy w Londynie. Uko\u0144czy\u0142a Akademi\u0119 Sztuk Pi\u0119knych w Warszawie w Pracowni Malarstwa prof. Krzysztofa Wachowiaka (2010), Pracowni Tkaniny Artystycznej prof. Doroty Grynczel oraz w Pracowni Rze\u017aby prof. Adama Myjaka oraz Central Saint Martins College w Londynie. Dzia\u0142a w dziedzinie malarstwa, rze\u017aby, animacji i instalacji. [&hellip;]<\/p>\n","protected":false},"author":1,"featured_media":5429,"comment_status":"closed","ping_status":"closed","sticky":false,"template":"","format":"standard","meta":{"_et_pb_use_builder":"on","_et_pb_old_content":"","_et_gb_content_width":"","footnotes":""},"categories":[9],"tags":[],"class_list":["post-5390","post","type-post","status-publish","format-standard","has-post-thumbnail","hentry","category-polecane"],"_links":{"self":[{"href":"https:\/\/format.asp.wroc.pl\/index.php\/wp-json\/wp\/v2\/posts\/5390","targetHints":{"allow":["GET"]}}],"collection":[{"href":"https:\/\/format.asp.wroc.pl\/index.php\/wp-json\/wp\/v2\/posts"}],"about":[{"href":"https:\/\/format.asp.wroc.pl\/index.php\/wp-json\/wp\/v2\/types\/post"}],"author":[{"embeddable":true,"href":"https:\/\/format.asp.wroc.pl\/index.php\/wp-json\/wp\/v2\/users\/1"}],"replies":[{"embeddable":true,"href":"https:\/\/format.asp.wroc.pl\/index.php\/wp-json\/wp\/v2\/comments?post=5390"}],"version-history":[{"count":9,"href":"https:\/\/format.asp.wroc.pl\/index.php\/wp-json\/wp\/v2\/posts\/5390\/revisions"}],"predecessor-version":[{"id":5438,"href":"https:\/\/format.asp.wroc.pl\/index.php\/wp-json\/wp\/v2\/posts\/5390\/revisions\/5438"}],"wp:featuredmedia":[{"embeddable":true,"href":"https:\/\/format.asp.wroc.pl\/index.php\/wp-json\/wp\/v2\/media\/5429"}],"wp:attachment":[{"href":"https:\/\/format.asp.wroc.pl\/index.php\/wp-json\/wp\/v2\/media?parent=5390"}],"wp:term":[{"taxonomy":"category","embeddable":true,"href":"https:\/\/format.asp.wroc.pl\/index.php\/wp-json\/wp\/v2\/categories?post=5390"},{"taxonomy":"post_tag","embeddable":true,"href":"https:\/\/format.asp.wroc.pl\/index.php\/wp-json\/wp\/v2\/tags?post=5390"}],"curies":[{"name":"wp","href":"https:\/\/api.w.org\/{rel}","templated":true}]}}