{"id":5728,"date":"2025-05-13T12:02:17","date_gmt":"2025-05-13T12:02:17","guid":{"rendered":"https:\/\/format.asp.wroc.pl\/?p=5728"},"modified":"2025-05-13T12:02:19","modified_gmt":"2025-05-13T12:02:19","slug":"5728","status":"publish","type":"post","link":"https:\/\/format.asp.wroc.pl\/index.php\/2025\/05\/13\/5728\/","title":{"rendered":"Legnica: 33. Mi\u0119dzynarodowy Konkurs Sztuki Z\u0142otniczej Efekt WOW, Grand Prix dla Konstanze Prechtl"},"content":{"rendered":"<p>[et_pb_section fb_built=&#8221;1&#8243; _builder_version=&#8221;4.16.0&#8243; _module_preset=&#8221;default&#8221; custom_padding=&#8221;4px|||||&#8221; global_colors_info=&#8221;{}&#8221; theme_builder_area=&#8221;post_content&#8221;][et_pb_row _builder_version=&#8221;4.16&#8243; _module_preset=&#8221;default&#8221; custom_padding=&#8221;0px||0px|||&#8221; global_colors_info=&#8221;{}&#8221; theme_builder_area=&#8221;post_content&#8221;][et_pb_column type=&#8221;4_4&#8243; _builder_version=&#8221;4.16&#8243; _module_preset=&#8221;default&#8221; global_colors_info=&#8221;{}&#8221; theme_builder_area=&#8221;post_content&#8221;][et_pb_text _builder_version=&#8221;4.27.4&#8243; _module_preset=&#8221;default&#8221; hover_enabled=&#8221;0&#8243; global_colors_info=&#8221;{}&#8221; theme_builder_area=&#8221;post_content&#8221; sticky_enabled=&#8221;0&#8243;]<\/p>\n<p style=\"text-align: justify;\">Podczas sobotniej gali Legnickiego Festiwalu SREBRO 2025 og\u0142oszono wyniki 33. Mi\u0119dzynarodowego Konkursu Sztuki Z\u0142otniczej, jednego z najwa\u017cniejszych wydarze\u0144 po\u015bwi\u0119conych wsp\u00f3\u0142czesnej bi\u017cuterii artystycznej w Europie. Do konkursu zg\u0142osi\u0142o si\u0119 268 artyst\u00f3w z 42 kraj\u00f3w. Do wystawy pokonkursowej zakwalifikowano 44 prace z 22 pa\u0144stw.<\/p>\n<p style=\"text-align: justify;\">Grand Prix Ministra Kultury i Dziedzictwa Narodowego otrzyma\u0142a Konstanze Prechtl (Austria) \u2013 za formaln\u0105 precyzj\u0119 i przewrotne operowanie poj\u0119ciem \u201ewady\u201d jako estetycznej zalety.<\/p>\n<p style=\"text-align: justify;\">II nagroda trafi\u0142a do Antala Zilahiego (W\u0119gry), autora poetyckiej, lustrzanej broszy.<br \/>III nagrod\u0119 zdoby\u0142 Into Niilo (Belgia) \u2013 za odwa\u017cny, konceptualny naszyjnik z ukrytym przekazem.<\/p>\n<p style=\"text-align: justify;\">W\u015br\u00f3d nagrodzonych znale\u017ali si\u0119 tak\u017ce polscy arty\u015bci: Sergiusz Kuchczy\u0144ski, za prace wykorzystuj\u0105c\u0105 przedmioty codziennego u\u017cytku w serii Lust, oraz Michalina Owczarek-Siwak, wyr\u00f3\u017cniona za interaktywny obiekt. Nagrody i wyr\u00f3\u017cnienia przyznano r\u00f3wnie\u017c tw\u00f3rcom z Niemiec, Holandii, USA, Argentyny i S\u0142owacji.<br \/>\u0141\u0105czna pula nagr\u00f3d wynios\u0142a blisko 120 000 z\u0142 \u2013 \u0142\u0105cznie z 5 kg srebrnego granulatu ufundowanego przez KGHM Polska Mied\u017a S.A. W\u015br\u00f3d partner\u00f3w znalaz\u0142y si\u0119 m.in. Inhorgenta (Monachium), Cluster Craft (Londyn), Galeria YES, Galeria MYDAYBYDAY (Rzym), Hopea i Mi\u0119dzynarodowe Stowarzyszenie Bursztynnik\u00f3w.<\/p>\n<p style=\"text-align: justify;\">Wystawa pokonkursowa prezentowana b\u0119dzie w Galerii Sztuki w Legnicy do 20 lipca 2025 r. w ramach Legnickiego Festiwalu SREBRO \u2013 jednej z kluczowych europejskich platform dla bi\u017cuterii artystycznej.<\/p>\n<p style=\"text-align: justify;\">Pe\u0142na lista nagrodzonych znajduje si\u0119 na stronie internetowej <a href=\"silver.legnica.eu\">silver.legnica.eu<\/a><\/p>\n<p style=\"text-align: justify;\">Tekst i zdj\u0119cia: materia\u0142y organizatora<\/p>\n<p style=\"text-align: justify;\">Legnicki 33. Mi\u0119dzynarodowy Konkurs Sztuki Z\u0142otniczej Efekt WOW<br \/>Legnicki Festiwal SREBRO 2025<br \/>26.04-20.07.2025<br \/>Galeria Sztuki w Legnicy<\/p>\n<p>[\/et_pb_text][\/et_pb_column][\/et_pb_row][\/et_pb_section][et_pb_section fb_built=&#8221;1&#8243; _builder_version=&#8221;4.16.0&#8243; _module_preset=&#8221;default&#8221; custom_padding=&#8221;0px||0px|||&#8221; global_colors_info=&#8221;{}&#8221; theme_builder_area=&#8221;post_content&#8221;][et_pb_row use_custom_gutter=&#8221;on&#8221; gutter_width=&#8221;2&#8243; _builder_version=&#8221;4.16.0&#8243; _module_preset=&#8221;default&#8221; custom_padding=&#8221;0px|||||&#8221; global_colors_info=&#8221;{}&#8221; theme_builder_area=&#8221;post_content&#8221;][et_pb_column type=&#8221;4_4&#8243; _builder_version=&#8221;4.16.0&#8243; _module_preset=&#8221;default&#8221; global_colors_info=&#8221;{}&#8221; theme_builder_area=&#8221;post_content&#8221;][et_pb_gallery gallery_ids=&#8221;5730,5731,5732,5733,5734,5735,5736,5737,5738,5739,5740,5741,5742,5743,5744,5745,5746&#8243; posts_number=&#8221;40&#8243; show_title_and_caption=&#8221;off&#8221; show_pagination=&#8221;off&#8221; _builder_version=&#8221;4.27.4&#8243; _module_preset=&#8221;default&#8221; custom_margin=&#8221;||20px|||&#8221; hover_enabled=&#8221;0&#8243; global_colors_info=&#8221;{}&#8221; theme_builder_area=&#8221;post_content&#8221; sticky_enabled=&#8221;0&#8243;][\/et_pb_gallery][\/et_pb_column][\/et_pb_row][\/et_pb_section]<\/p>\n","protected":false},"excerpt":{"rendered":"<p>Podczas sobotniej gali Legnickiego Festiwalu SREBRO 2025 og\u0142oszono wyniki 33. Mi\u0119dzynarodowego Konkursu Sztuki Z\u0142otniczej, jednego z najwa\u017cniejszych wydarze\u0144 po\u015bwi\u0119conych wsp\u00f3\u0142czesnej bi\u017cuterii artystycznej w Europie. Do konkursu zg\u0142osi\u0142o si\u0119 268 artyst\u00f3w z 42 kraj\u00f3w. Do wystawy pokonkursowej zakwalifikowano 44 prace z 22 pa\u0144stw. Grand Prix Ministra Kultury i Dziedzictwa Narodowego otrzyma\u0142a Konstanze Prechtl (Austria) \u2013 za [&hellip;]<\/p>\n","protected":false},"author":1,"featured_media":5741,"comment_status":"closed","ping_status":"closed","sticky":false,"template":"","format":"standard","meta":{"_et_pb_use_builder":"on","_et_pb_old_content":"","_et_gb_content_width":"","footnotes":""},"categories":[9,8],"tags":[],"class_list":["post-5728","post","type-post","status-publish","format-standard","has-post-thumbnail","hentry","category-polecane","category-wydarzenia"],"_links":{"self":[{"href":"https:\/\/format.asp.wroc.pl\/index.php\/wp-json\/wp\/v2\/posts\/5728","targetHints":{"allow":["GET"]}}],"collection":[{"href":"https:\/\/format.asp.wroc.pl\/index.php\/wp-json\/wp\/v2\/posts"}],"about":[{"href":"https:\/\/format.asp.wroc.pl\/index.php\/wp-json\/wp\/v2\/types\/post"}],"author":[{"embeddable":true,"href":"https:\/\/format.asp.wroc.pl\/index.php\/wp-json\/wp\/v2\/users\/1"}],"replies":[{"embeddable":true,"href":"https:\/\/format.asp.wroc.pl\/index.php\/wp-json\/wp\/v2\/comments?post=5728"}],"version-history":[{"count":3,"href":"https:\/\/format.asp.wroc.pl\/index.php\/wp-json\/wp\/v2\/posts\/5728\/revisions"}],"predecessor-version":[{"id":5749,"href":"https:\/\/format.asp.wroc.pl\/index.php\/wp-json\/wp\/v2\/posts\/5728\/revisions\/5749"}],"wp:featuredmedia":[{"embeddable":true,"href":"https:\/\/format.asp.wroc.pl\/index.php\/wp-json\/wp\/v2\/media\/5741"}],"wp:attachment":[{"href":"https:\/\/format.asp.wroc.pl\/index.php\/wp-json\/wp\/v2\/media?parent=5728"}],"wp:term":[{"taxonomy":"category","embeddable":true,"href":"https:\/\/format.asp.wroc.pl\/index.php\/wp-json\/wp\/v2\/categories?post=5728"},{"taxonomy":"post_tag","embeddable":true,"href":"https:\/\/format.asp.wroc.pl\/index.php\/wp-json\/wp\/v2\/tags?post=5728"}],"curies":[{"name":"wp","href":"https:\/\/api.w.org\/{rel}","templated":true}]}}