{"id":5798,"date":"2025-05-21T12:46:09","date_gmt":"2025-05-21T12:46:09","guid":{"rendered":"https:\/\/format.asp.wroc.pl\/?p=5798"},"modified":"2025-05-21T12:49:20","modified_gmt":"2025-05-21T12:49:20","slug":"5798","status":"publish","type":"post","link":"https:\/\/format.asp.wroc.pl\/index.php\/2025\/05\/21\/5798\/","title":{"rendered":"Byty Subtelne. Koncert immersyjny Studia VoiceLAB z instalacj\u0105 Bartosza Radziszewskiego"},"content":{"rendered":"<p>[et_pb_section fb_built=&#8221;1&#8243; _builder_version=&#8221;4.16.0&#8243; _module_preset=&#8221;default&#8221; custom_padding=&#8221;4px|||||&#8221; global_colors_info=&#8221;{}&#8221; theme_builder_area=&#8221;post_content&#8221;][et_pb_row _builder_version=&#8221;4.16&#8243; _module_preset=&#8221;default&#8221; custom_padding=&#8221;0px||0px|||&#8221; global_colors_info=&#8221;{}&#8221; theme_builder_area=&#8221;post_content&#8221;][et_pb_column type=&#8221;4_4&#8243; _builder_version=&#8221;4.16&#8243; _module_preset=&#8221;default&#8221; global_colors_info=&#8221;{}&#8221; theme_builder_area=&#8221;post_content&#8221;][et_pb_text _builder_version=&#8221;4.27.4&#8243; _module_preset=&#8221;default&#8221; hover_enabled=&#8221;0&#8243; global_colors_info=&#8221;{}&#8221; theme_builder_area=&#8221;post_content&#8221; sticky_enabled=&#8221;0&#8243;]<\/p>\n<p style=\"text-align: justify;\"><em>Byty subtelne<\/em> to do\u015bwiadczenie \u0142\u0105cz\u0105ce d\u017awi\u0119k i obraz, badaj\u0105ce pokrewie\u0144stwa mi\u0119dzy \u015bwiatem widzialnym a s\u0142yszalnym. Eksploruje fizykalno\u015b\u0107 otaczaj\u0105cego nas \u015bwiata, kt\u00f3rego postrzeganie dokonuje si\u0119 na podstawie fal \u2013 o r\u00f3\u017cnym charakterze \u2013 kt\u00f3re do nas docieraj\u0105. To wydarzenie, w kt\u00f3rym d\u017awi\u0119k i obraz przenikaj\u0105 si\u0119, odbijaj\u0105 i rezonuj\u0105 wzajemnie, tworz\u0105c przestrze\u0144, w kt\u00f3rej ka\u017cdy zmys\u0142 zostaje zaanga\u017cowany w subteln\u0105 gr\u0119 \u015bwiat\u0142a, ciemno\u015bci, d\u017awi\u0119k\u00f3w i ciszy.<\/p>\n<p style=\"text-align: justify;\">Badaj\u0105c styk \u015bwiat\u0142a i ciemno\u015bci, chcemy traktowa\u0107 ciemno\u015b\u0107 jako kolebk\u0119 \u015bwiat\u0142a, cisz\u0119 jako kolebk\u0119 d\u017awi\u0119ku, tworzy\u0107 przestrze\u0144 do budowania nowej rzeczywisto\u015bci wizualnej i audialnej, aby to, co ukryte, mog\u0142o sta\u0107 si\u0119 widoczne i s\u0142yszalne.<\/p>\n<p style=\"text-align: justify;\">Przygl\u0105daj\u0105c si\u0119 relacji mi\u0119dzy d\u017awi\u0119kiem a cisz\u0105, chcemy wykreowa\u0107 przestrze\u0144, w kt\u00f3rej cisza staje si\u0119 podstaw\u0105 do g\u0142\u0119bszego s\u0142uchania, a jej fizyczna obecno\u015b\u0107 pe\u0142na jest wyczuwalnego potencja\u0142u.<\/p>\n<p style=\"text-align: justify;\">W naszych poszukiwaniach cisza to nie pustka, lecz przestrze\u0144, w kt\u00f3rej wszystko ma pocz\u0105tek. D\u017awi\u0119k staje si\u0119 naruszeniem tej ciszy, b\u0119d\u0105c jednocze\u015bnie jej cz\u0119\u015bci\u0105. <em>Byty subtelne<\/em> to koncert, kt\u00f3ry eksploruje fizyczn\u0105 natur\u0119 fal, traktuj\u0105c je jako subtelne obecno\u015bci \u2013 zar\u00f3wno w sensie widzialnym, jak i s\u0142yszalnym. To przestrze\u0144 zderzenia dw\u00f3ch \u015bwiat\u00f3w \u2013 wype\u0142nionego ha\u0142asem i \u015bwiat\u0142em oraz z\u0142o\u017conego z ciszy i ciemno\u015bci.<\/p>\n<p style=\"text-align: justify;\">Wydarzenie stawia przed nami wyzwanie, aby powr\u00f3ci\u0107 do pierwotnych stan\u00f3w, kt\u00f3re pozwalaj\u0105 dostrzec subtelne aspekty rzeczywisto\u015bci \u2013 byty subtelne, istniej\u0105ce poza materialnym \u015bwiatem, w przestrzeni ciszy, ciemno\u015bci oraz fal, kt\u00f3re przenikaj\u0105 nasz\u0105 percepcj\u0119: niewidoczne i nies\u0142yszalne, ale wci\u0105\u017c obecne w naszym \u015bwiecie.<\/p>\n<p style=\"text-align: justify;\">Tytu\u0142 wydarzenia nawi\u0105zuje do tw\u00f3rczo\u015bci Jerzego Nowosielskiego, artysty szczeg\u00f3lnie wa\u017cnego dla tw\u00f3rc\u00f3w tego wydarzenia. Po zako\u0144czeniu drugiej wojny \u015bwiatowej, w rzeczywisto\u015bci naznaczonej okrucie\u0144stwem, Nowosielski szuka\u0142 swojego miejsca, zar\u00f3wno w wymiarze fizycznym, jak i duchowym. Pomimo kilkuletniego okresu ateizmu, g\u0142\u0119boko odczuwa\u0142 potrzeb\u0119 metafizyki i duchowo\u015bci. Terminem \u201ebyty subtelne\u201d pos\u0142u\u017cy\u0142 si\u0119 w latach 40. XX w., aby okre\u015bli\u0107 duchowo\u015b\u0107 zwi\u0105zan\u0105 z poszukiwaniem sensu tworzenia. Artysta sformu\u0142owa\u0142 w\u00f3wczas w\u0142asn\u0105 definicj\u0119 obrazu \u201ejako pos\u0142annika tre\u015bci z innych obszar\u00f3w [\u2026], b\u0119d\u0105cego bytem subtelnym\u201d.<\/p>\n<p style=\"text-align: justify;\">W laboratorium Studia VoiceLAB stwarzamy warunki pozwalaj\u0105ce obserwowa\u0107 naturalny potencja\u0142 g\u0142osu i w pe\u0142ni rozpoznawa\u0107 jego fizyczny, namacalny charakter; odkrywa\u0107 g\u0142os, kt\u00f3ry powstaje w ciele i obserwowa\u0107 jego w\u0142a\u015bciwo\u015bci, gdy wychodzi na zewn\u0105trz; bada\u0107 fizyczne aspekty d\u017awi\u0119ku jako wibracji, do kt\u00f3rych dost\u0119p jest intuicyjny, bo oparty na cielesnym, a nie intelektualnym do\u015bwiadczeniu.<\/p>\n<p style=\"text-align: justify;\">Improwizowane koncerty immersyjne to forma obcowania z d\u017awi\u0119kiem, kt\u00f3r\u0105 chcemy si\u0119 podzieli\u0107. Jest to element praktyki Studia, stanowi\u0105cy do tej pory cz\u0119\u015b\u0107 zamkni\u0119tej pracy laboratoryjnej.<\/p>\n<p style=\"text-align: justify;\">S\u0142uchacze i s\u0142uchaczki b\u0119d\u0105 uczestniczy\u0107 w procesie relaksacyjnym, kt\u00f3ry stanowi punkt wyj\u015bcia do pracy z wibracj\u0105, wprowadzaj\u0105c cia\u0142o w stan rozlu\u017anienia i uwra\u017cliwienia.<\/p>\n<p style=\"text-align: justify;\">W obecno\u015bci odbiorc\u00f3w i odbiorczy\u0144 chcemy odkrywa\u0107 harmonie niezale\u017cne od oczekiwa\u0144 i intelektu, wychodz\u0105c poza utarte schematy i to, co wydaje si\u0119 zrozumia\u0142e. Zanurzy\u0107 si\u0119 w sonosferze i prze\u0142amywa\u0107 bariery, wierz\u0105c w fizyczny potencja\u0142 d\u017awi\u0119ku i nieograniczone mo\u017cliwo\u015bci wyobra\u017ani.<\/p>\n<p style=\"text-align: justify;\">\n<p style=\"text-align: justify;\">Tekst i zdj\u0119cia: materia\u0142y organizatora<\/p>\n<p style=\"text-align: justify;\">\n<p style=\"text-align: justify;\">Byty subtelne<br \/>Kotecka\/Wierzbowski\/Radziszewski\/Voice Lab<br \/>Koncert immersyjny z instalacj\u0105 artystyczn\u0105<br \/>30.05.2025, godz. 18.00<br \/>Aula ASP Wroc\u0142aw, pl. Polski 3\/4<\/p>\n<p>[\/et_pb_text][\/et_pb_column][\/et_pb_row][\/et_pb_section][et_pb_section fb_built=&#8221;1&#8243; _builder_version=&#8221;4.16.0&#8243; _module_preset=&#8221;default&#8221; custom_padding=&#8221;0px||0px|||&#8221; global_colors_info=&#8221;{}&#8221; theme_builder_area=&#8221;post_content&#8221;][et_pb_row use_custom_gutter=&#8221;on&#8221; gutter_width=&#8221;2&#8243; _builder_version=&#8221;4.16.0&#8243; _module_preset=&#8221;default&#8221; custom_padding=&#8221;0px|||||&#8221; global_colors_info=&#8221;{}&#8221; theme_builder_area=&#8221;post_content&#8221;][et_pb_column type=&#8221;4_4&#8243; _builder_version=&#8221;4.16.0&#8243; _module_preset=&#8221;default&#8221; global_colors_info=&#8221;{}&#8221; theme_builder_area=&#8221;post_content&#8221;][et_pb_gallery gallery_ids=&#8221;5774,5800,5801,5802,5803,5804&#8243; posts_number=&#8221;40&#8243; show_title_and_caption=&#8221;off&#8221; show_pagination=&#8221;off&#8221; _builder_version=&#8221;4.27.4&#8243; _module_preset=&#8221;default&#8221; custom_margin=&#8221;||20px|||&#8221; hover_enabled=&#8221;0&#8243; global_colors_info=&#8221;{}&#8221; theme_builder_area=&#8221;post_content&#8221; sticky_enabled=&#8221;0&#8243;][\/et_pb_gallery][\/et_pb_column][\/et_pb_row][\/et_pb_section]<\/p>\n","protected":false},"excerpt":{"rendered":"<p>Byty subtelne to do\u015bwiadczenie \u0142\u0105cz\u0105ce d\u017awi\u0119k i obraz, badaj\u0105ce pokrewie\u0144stwa mi\u0119dzy \u015bwiatem widzialnym a s\u0142yszalnym. Eksploruje fizykalno\u015b\u0107 otaczaj\u0105cego nas \u015bwiata, kt\u00f3rego postrzeganie dokonuje si\u0119 na podstawie fal \u2013 o r\u00f3\u017cnym charakterze \u2013 kt\u00f3re do nas docieraj\u0105. To wydarzenie, w kt\u00f3rym d\u017awi\u0119k i obraz przenikaj\u0105 si\u0119, odbijaj\u0105 i rezonuj\u0105 wzajemnie, tworz\u0105c przestrze\u0144, w kt\u00f3rej ka\u017cdy zmys\u0142 [&hellip;]<\/p>\n","protected":false},"author":1,"featured_media":5801,"comment_status":"closed","ping_status":"closed","sticky":false,"template":"","format":"standard","meta":{"_et_pb_use_builder":"on","_et_pb_old_content":"","_et_gb_content_width":"","footnotes":""},"categories":[9,8],"tags":[],"class_list":["post-5798","post","type-post","status-publish","format-standard","has-post-thumbnail","hentry","category-polecane","category-wydarzenia"],"_links":{"self":[{"href":"https:\/\/format.asp.wroc.pl\/index.php\/wp-json\/wp\/v2\/posts\/5798","targetHints":{"allow":["GET"]}}],"collection":[{"href":"https:\/\/format.asp.wroc.pl\/index.php\/wp-json\/wp\/v2\/posts"}],"about":[{"href":"https:\/\/format.asp.wroc.pl\/index.php\/wp-json\/wp\/v2\/types\/post"}],"author":[{"embeddable":true,"href":"https:\/\/format.asp.wroc.pl\/index.php\/wp-json\/wp\/v2\/users\/1"}],"replies":[{"embeddable":true,"href":"https:\/\/format.asp.wroc.pl\/index.php\/wp-json\/wp\/v2\/comments?post=5798"}],"version-history":[{"count":4,"href":"https:\/\/format.asp.wroc.pl\/index.php\/wp-json\/wp\/v2\/posts\/5798\/revisions"}],"predecessor-version":[{"id":5808,"href":"https:\/\/format.asp.wroc.pl\/index.php\/wp-json\/wp\/v2\/posts\/5798\/revisions\/5808"}],"wp:featuredmedia":[{"embeddable":true,"href":"https:\/\/format.asp.wroc.pl\/index.php\/wp-json\/wp\/v2\/media\/5801"}],"wp:attachment":[{"href":"https:\/\/format.asp.wroc.pl\/index.php\/wp-json\/wp\/v2\/media?parent=5798"}],"wp:term":[{"taxonomy":"category","embeddable":true,"href":"https:\/\/format.asp.wroc.pl\/index.php\/wp-json\/wp\/v2\/categories?post=5798"},{"taxonomy":"post_tag","embeddable":true,"href":"https:\/\/format.asp.wroc.pl\/index.php\/wp-json\/wp\/v2\/tags?post=5798"}],"curies":[{"name":"wp","href":"https:\/\/api.w.org\/{rel}","templated":true}]}}