{"id":6482,"date":"2025-10-04T05:16:47","date_gmt":"2025-10-04T05:16:47","guid":{"rendered":"https:\/\/format.asp.wroc.pl\/?p=6482"},"modified":"2025-11-21T09:57:51","modified_gmt":"2025-11-21T09:57:51","slug":"6482","status":"publish","type":"post","link":"https:\/\/format.asp.wroc.pl\/index.php\/2025\/10\/04\/6482\/","title":{"rendered":"Wroc\u0142aw Off Gallery Weekend edycja #3"},"content":{"rendered":"<p>[et_pb_section fb_built=&#8221;1&#8243; _builder_version=&#8221;4.16.0&#8243; _module_preset=&#8221;default&#8221; custom_padding=&#8221;4px|||||&#8221; global_colors_info=&#8221;{}&#8221;][et_pb_row _builder_version=&#8221;4.16&#8243; _module_preset=&#8221;default&#8221; custom_padding=&#8221;0px||0px|||&#8221; global_colors_info=&#8221;{}&#8221;][et_pb_column type=&#8221;4_4&#8243; _builder_version=&#8221;4.16&#8243; _module_preset=&#8221;default&#8221; global_colors_info=&#8221;{}&#8221;][et_pb_text _builder_version=&#8221;4.27.4&#8243; _module_preset=&#8221;default&#8221; hover_enabled=&#8221;0&#8243; global_colors_info=&#8221;{}&#8221; sticky_enabled=&#8221;0&#8243;]<\/p>\n<p style=\"text-align: justify;\">Do trzech razy sztuka? Zobaczmy! Zapraszamy na trzeci\u0105 edycj\u0119 Wroc\u0142aw Off Gallery Weekend, kt\u00f3ra podobnie jak w poprzednich latach odbywa si\u0119 bez finansowego parasola, instytucjonalnego zaplecza organizacyjnego, a tak\u017ce has\u0142a przewodniego czy wsp\u00f3lnego tematu. Kluczowe pozostaj\u0105 samoorganizacja, r\u00f3\u017cnorodno\u015b\u0107 i zaanga\u017cowanie w tworzenie offowej mapy artystycznej Wroc\u0142awia. Wydarzenie skupia si\u0119 na wroc\u0142awskiej niezale\u017cnej scenie artystycznej \u2013 regularnie funkcjonuj\u0105cych galeriach offowych, pracowniach po\u0142\u0105czonych z przestrzeniami wystawienniczymi i kolektywach organizuj\u0105cych projekty wystawiennicze. Wszystkie te inicjatywy \u0142\u0105czy potrzeba dzia\u0142ania na w\u0142asnych zasadach, szukania alternatywnych praktyk wobec tych, kt\u00f3re proponuj\u0105 instytucje publiczne i prywatne. Offowe \u015brodowisko nie stawia si\u0119 w opozycji do pozosta\u0142ych sektor\u00f3w, lecz funkcjonuje obok nich, wnosz\u0105c istotne warto\u015bci do pejza\u017cu kulturalnego miasta.<\/p>\n<p style=\"text-align: justify;\">W 2025 roku map\u0119 wydarzenia wype\u0142ni\u0105 22 adresy. Wi\u0119kszo\u015b\u0107 inicjatyw obecna jest w programie od pierwszej edycji, inne pojawi\u0105 si\u0119 po raz pierwszy. Kilka przestrzeni, kt\u00f3re w poprzednich latach bra\u0142y udzia\u0142, zako\u0144czy\u0142o ju\u017c swoj\u0105 dzia\u0142alno\u015b\u0107 \u2013 to naturalny rytm niezale\u017cnej sceny, kt\u00f3remu przygl\u0105damy si\u0119 z uwag\u0105. W tym roku szczeg\u00f3lnie zale\u017cy nam na tym, by podczas pa\u017adziernikowego weekendu publiczno\u015b\u0107 mog\u0142a odwiedzi\u0107 jak najwi\u0119cej inicjatyw poznaj\u0105c ich specyfik\u0119, lokalizacj\u0119 i program. Zach\u0119camy do wycieczek po mie\u015bcie, poznawania nieoczywistych przestrzeni dla sztuki i os\u00f3b stoj\u0105cych za tymi przedsi\u0119wzi\u0119ciami.<\/p>\n<p style=\"text-align: justify;\">Podczas WOGW #3 do swoich miejsc i dzia\u0142a\u0144 zaprosz\u0105 nast\u0119puj\u0105ce inicjatywy:<\/p>\n<p style=\"text-align: justify;\">Bazar Bizarre, BREDNIE, CHWIL\u00d3WKA, Dawna Drukarnia PAN, ERZAC, Galeria Kana\u0142, Galeria Magiel, Galeria Nicponiej, Galeria pod \u017babic\u0105, Galeria u Kosa\u0142ki, GUA Collective, Ko\u015bci\u00f3\u0142 Nihilist\u00f3w, \u0141zy Kobry, Muzeum w podziemiu, NOWY Z\u0141OTY, Pa\u0142acyk Powsta\u0144c\u00f3w \u015al\u0105skich, Pracownia Hutmen, Pracownia Mi\u0142oszycka, Pracownia Siostrzana, Serwis Galeria &#8211; Pracownia, STYRTA + Forma Otwarta Ole\u015bnica (wydarzenie towarzysz\u0105ce)<\/p>\n<p style=\"text-align: justify;\">\u2192 Program wydarze\u0144 opublikujemy z pocz\u0105tkiem pa\u017adziernika<br \/>\u2192 Wszystkie szczeg\u00f3\u0142y niebawem, tutaj: <a href=\"https:\/\/linktr.ee\/wroclawoffgalleryweekend\">https:\/\/linktr.ee\/wroclawoffgalleryweekend<\/a><br \/>\u2192 Wydarzenie jest bezp\u0142atne<\/p>\n<p style=\"text-align: justify;\">Tekst i zdj\u0119cia: materia\u0142y organizatora<\/p>\n<p style=\"text-align: justify;\">Wroc\u0142aw Off Gallery Weekend edycja #3<br \/>17\u201319.10.2025<br \/>Wroc\u0142aw \/ r\u00f3\u017cne lokalizacje<\/p>\n<p>[\/et_pb_text][\/et_pb_column][\/et_pb_row][\/et_pb_section][et_pb_section fb_built=&#8221;1&#8243; _builder_version=&#8221;4.16.0&#8243; _module_preset=&#8221;default&#8221; custom_padding=&#8221;0px||0px|||&#8221; global_colors_info=&#8221;{}&#8221;][et_pb_row use_custom_gutter=&#8221;on&#8221; gutter_width=&#8221;2&#8243; _builder_version=&#8221;4.16.0&#8243; _module_preset=&#8221;default&#8221; custom_padding=&#8221;0px|||||&#8221; global_colors_info=&#8221;{}&#8221;][et_pb_column type=&#8221;4_4&#8243; _builder_version=&#8221;4.16.0&#8243; _module_preset=&#8221;default&#8221; global_colors_info=&#8221;{}&#8221;][et_pb_gallery gallery_ids=&#8221;6485,6486,6487,6488,6489,6490,6491,6492,6493,6494,6495,6496,6497,6498,6499,6500,6501,6502,6503&#8243; posts_number=&#8221;40&#8243; show_title_and_caption=&#8221;off&#8221; show_pagination=&#8221;off&#8221; _builder_version=&#8221;4.27.4&#8243; _module_preset=&#8221;default&#8221; custom_margin=&#8221;||20px|||&#8221; global_colors_info=&#8221;{}&#8221;][\/et_pb_gallery][\/et_pb_column][\/et_pb_row][\/et_pb_section]<\/p>\n","protected":false},"excerpt":{"rendered":"<p>Do trzech razy sztuka? Zobaczmy! Zapraszamy na trzeci\u0105 edycj\u0119 Wroc\u0142aw Off Gallery Weekend, kt\u00f3ra podobnie jak w poprzednich latach odbywa si\u0119 bez finansowego parasola, instytucjonalnego zaplecza organizacyjnego, a tak\u017ce has\u0142a przewodniego czy wsp\u00f3lnego tematu. Kluczowe pozostaj\u0105 samoorganizacja, r\u00f3\u017cnorodno\u015b\u0107 i zaanga\u017cowanie w tworzenie offowej mapy artystycznej Wroc\u0142awia. Wydarzenie skupia si\u0119 na wroc\u0142awskiej niezale\u017cnej scenie artystycznej \u2013 [&hellip;]<\/p>\n","protected":false},"author":1,"featured_media":6485,"comment_status":"closed","ping_status":"closed","sticky":false,"template":"","format":"standard","meta":{"_et_pb_use_builder":"on","_et_pb_old_content":"","_et_gb_content_width":"","footnotes":""},"categories":[9,8],"tags":[],"class_list":["post-6482","post","type-post","status-publish","format-standard","has-post-thumbnail","hentry","category-polecane","category-wydarzenia"],"_links":{"self":[{"href":"https:\/\/format.asp.wroc.pl\/index.php\/wp-json\/wp\/v2\/posts\/6482","targetHints":{"allow":["GET"]}}],"collection":[{"href":"https:\/\/format.asp.wroc.pl\/index.php\/wp-json\/wp\/v2\/posts"}],"about":[{"href":"https:\/\/format.asp.wroc.pl\/index.php\/wp-json\/wp\/v2\/types\/post"}],"author":[{"embeddable":true,"href":"https:\/\/format.asp.wroc.pl\/index.php\/wp-json\/wp\/v2\/users\/1"}],"replies":[{"embeddable":true,"href":"https:\/\/format.asp.wroc.pl\/index.php\/wp-json\/wp\/v2\/comments?post=6482"}],"version-history":[{"count":6,"href":"https:\/\/format.asp.wroc.pl\/index.php\/wp-json\/wp\/v2\/posts\/6482\/revisions"}],"predecessor-version":[{"id":6872,"href":"https:\/\/format.asp.wroc.pl\/index.php\/wp-json\/wp\/v2\/posts\/6482\/revisions\/6872"}],"wp:featuredmedia":[{"embeddable":true,"href":"https:\/\/format.asp.wroc.pl\/index.php\/wp-json\/wp\/v2\/media\/6485"}],"wp:attachment":[{"href":"https:\/\/format.asp.wroc.pl\/index.php\/wp-json\/wp\/v2\/media?parent=6482"}],"wp:term":[{"taxonomy":"category","embeddable":true,"href":"https:\/\/format.asp.wroc.pl\/index.php\/wp-json\/wp\/v2\/categories?post=6482"},{"taxonomy":"post_tag","embeddable":true,"href":"https:\/\/format.asp.wroc.pl\/index.php\/wp-json\/wp\/v2\/tags?post=6482"}],"curies":[{"name":"wp","href":"https:\/\/api.w.org\/{rel}","templated":true}]}}