{"id":6541,"date":"2025-10-07T11:51:44","date_gmt":"2025-10-07T11:51:44","guid":{"rendered":"https:\/\/format.asp.wroc.pl\/?p=6541"},"modified":"2025-10-07T11:52:51","modified_gmt":"2025-10-07T11:52:51","slug":"6541","status":"publish","type":"post","link":"https:\/\/format.asp.wroc.pl\/index.php\/2025\/10\/07\/6541\/","title":{"rendered":"Zawsze Has. Konkurs na projekt graficzny plakatu"},"content":{"rendered":"<p>[et_pb_section fb_built=&#8221;1&#8243; _builder_version=&#8221;4.16.0&#8243; _module_preset=&#8221;default&#8221; custom_padding=&#8221;4px|||||&#8221; global_colors_info=&#8221;{}&#8221; theme_builder_area=&#8221;post_content&#8221;][et_pb_row _builder_version=&#8221;4.16&#8243; _module_preset=&#8221;default&#8221; custom_padding=&#8221;0px||0px|||&#8221; global_colors_info=&#8221;{}&#8221; theme_builder_area=&#8221;post_content&#8221;][et_pb_column type=&#8221;4_4&#8243; _builder_version=&#8221;4.16&#8243; _module_preset=&#8221;default&#8221; global_colors_info=&#8221;{}&#8221; theme_builder_area=&#8221;post_content&#8221;][et_pb_text _builder_version=&#8221;4.27.4&#8243; _module_preset=&#8221;default&#8221; hover_enabled=&#8221;0&#8243; global_colors_info=&#8221;{}&#8221; theme_builder_area=&#8221;post_content&#8221; sticky_enabled=&#8221;0&#8243;]<\/p>\n<p style=\"text-align: right;\"><em>Has by\u0142 cz\u0142owiekiem, kt\u00f3ry nie narzuca\u0142 swojej obecno\u015bci, a mimo to jego obecno\u015b\u0107 by\u0142a zawsze wyczuwalna<\/em><\/p>\n<p style=\"text-align: justify;\">\n<p style=\"text-align: justify;\">Pod\u0105\u017caj\u0105c za tym wspomnieniem prof. Gra\u017cyny K\u0119dzielewskiej \u2013 autorki film\u00f3w dokumentalnych i pedago\u017cki, dla kt\u00f3rej Wojciech Jerzy Has by\u0142 mentorem \u2013 chcemy uhonorowa\u0107 setn\u0105 rocznic\u0119 urodzin re\u017cysera, og\u0142aszaj\u0105c konkurs na projekt graficzny plakatu inspirowanego tw\u00f3rczo\u015bci\u0105 tego wybitnego artysty.<\/p>\n<p style=\"text-align: justify;\">Namawiamy do tw\u00f3rczych poszukiwa\u0144, odwagi formalnej, eksperymentu i osobistego dialogu z dorobkiem Hasa, by ujrze\u0107 jego dzie\u0142a w nowym \u015bwietle. Filmowe \u015bwiaty Hasa wydaj\u0105 si\u0119 dzisiaj jeszcze bardziej inspiruj\u0105ce i s\u0105 otwarte na nowe interpretacje: prowokuj\u0105 do stawiania pyta\u0144, do w\u0142asnych poszukiwa\u0144 sens\u00f3w i formy.<\/p>\n<p style=\"text-align: justify;\">Konkurs kierujemy do os\u00f3b zajmuj\u0105cych si\u0119 projektowaniem graficznym i ilustracj\u0105. Projekty oceni komisja konkursowa pod przewodnictwem Wandy Ziembickiej-Has w sk\u0142adzie (w kolejno\u015bci alfabetycznej): Adam Kruk, Andrzej P\u0105gowski, Jaros\u0142aw Perduta, Tomasz Pietrek, Magda Podsiad\u0142y, Karolina Wi\u015bniewska.<\/p>\n<p style=\"text-align: justify;\">Na projekty czekamy do 29 pa\u017adziernika 2025!<\/p>\n<p style=\"text-align: justify;\">\n<p style=\"text-align: justify;\"><strong>Zg\u0142oszenie i nagroda<\/strong><\/p>\n<p style=\"text-align: justify;\">Prace konkursowe w postaci pliku pogl\u0105dowego w formatach .PDF i .JPG (pojedynczy za\u0142\u0105cznik nie wi\u0119kszy ni\u017c 3 MB) wraz z wype\u0142nion\u0105 i podpisan\u0105 kart\u0105 zg\u0142oszenia prosimy przesy\u0142a\u0107 na adres e-mail: konkurs@grotowski-institute.pl. W tytule wiadomo\u015bci prosimy wpisa\u0107: \u201eZawsze Has. Konkurs na projekt graficzny plakatu&#8221;. Na projekty czekamy do 29 pa\u017adziernika 2025 (do godz. 23:59). Laureaci konkursu zobowi\u0105zani s\u0105 do przes\u0142ania w ci\u0105gu 3 dni od og\u0142oszenia wynik\u00f3w oryginalny plik graficzny w formatach B1 (.TIFF lub .PDF, rozdzielczo\u015b\u0107 300 dpi).<\/p>\n<p style=\"text-align: justify;\">Autor lub autorka nagrodzonego projektu otrzyma nagrod\u0119 pieni\u0119\u017cn\u0105 w wysoko\u015bci 3.500,00 PLN brutto. Ponadto zostanie przyznanych pi\u0119\u0107 wyr\u00f3\u017cnie\u0144, ka\u017cde po 1 000,00 PLN brutto.<\/p>\n<p style=\"text-align: justify;\">Najlepsze plakaty zostan\u0105 zaprezentowane na wystawie plenerowej towarzysz\u0105cej wroc\u0142awskim obchodom Roku Wojciecha Jerzego Hasa. Wernisa\u017c wystawy odb\u0119dzie si\u0119 13 listopada 2025 roku.<\/p>\n<p style=\"text-align: justify;\">Regulamin konkursu i karta zg\u0142oszeniowa do pobrania ze strony:<br \/><a href=\"https:\/\/grotowski-institute.pl\/wydarzenia\/has\">https:\/\/grotowski-institute.pl\/wydarzenia\/has<\/a><\/p>\n<h1 style=\"text-align: justify;\"><span style=\"font-size: xx-small;\">Zdj\u0119cie ze zbior\u00f3w Filmoteki Narodowej \u2013 Instytutu Audiowizualnego, kt\u00f3re przedstawia Wojciecha Jerzego Hasa podczas pracy na planie filmowym \u201eLalki&#8221;, 1968, fot. Stefan Kurzyp<\/span><\/h1>\n<p>[\/et_pb_text][\/et_pb_column][\/et_pb_row][\/et_pb_section][et_pb_section fb_built=&#8221;1&#8243; _builder_version=&#8221;4.16.0&#8243; _module_preset=&#8221;default&#8221; custom_padding=&#8221;0px||0px|||&#8221; global_colors_info=&#8221;{}&#8221; theme_builder_area=&#8221;post_content&#8221;][et_pb_row use_custom_gutter=&#8221;on&#8221; gutter_width=&#8221;2&#8243; _builder_version=&#8221;4.16.0&#8243; _module_preset=&#8221;default&#8221; custom_padding=&#8221;0px|||||&#8221; global_colors_info=&#8221;{}&#8221; theme_builder_area=&#8221;post_content&#8221;][et_pb_column type=&#8221;4_4&#8243; _builder_version=&#8221;4.16.0&#8243; _module_preset=&#8221;default&#8221; global_colors_info=&#8221;{}&#8221; theme_builder_area=&#8221;post_content&#8221;][et_pb_gallery gallery_ids=&#8221;6543&#8243; posts_number=&#8221;40&#8243; show_title_and_caption=&#8221;off&#8221; show_pagination=&#8221;off&#8221; _builder_version=&#8221;4.27.4&#8243; _module_preset=&#8221;default&#8221; custom_margin=&#8221;||20px|||&#8221; hover_enabled=&#8221;0&#8243; global_colors_info=&#8221;{}&#8221; theme_builder_area=&#8221;post_content&#8221; sticky_enabled=&#8221;0&#8243;][\/et_pb_gallery][\/et_pb_column][\/et_pb_row][\/et_pb_section]<\/p>\n","protected":false},"excerpt":{"rendered":"<p>Has by\u0142 cz\u0142owiekiem, kt\u00f3ry nie narzuca\u0142 swojej obecno\u015bci, a mimo to jego obecno\u015b\u0107 by\u0142a zawsze wyczuwalna Pod\u0105\u017caj\u0105c za tym wspomnieniem prof. Gra\u017cyny K\u0119dzielewskiej \u2013 autorki film\u00f3w dokumentalnych i pedago\u017cki, dla kt\u00f3rej Wojciech Jerzy Has by\u0142 mentorem \u2013 chcemy uhonorowa\u0107 setn\u0105 rocznic\u0119 urodzin re\u017cysera, og\u0142aszaj\u0105c konkurs na projekt graficzny plakatu inspirowanego tw\u00f3rczo\u015bci\u0105 tego wybitnego artysty. Namawiamy [&hellip;]<\/p>\n","protected":false},"author":1,"featured_media":6543,"comment_status":"closed","ping_status":"closed","sticky":false,"template":"","format":"standard","meta":{"_et_pb_use_builder":"on","_et_pb_old_content":"","_et_gb_content_width":"","footnotes":""},"categories":[8],"tags":[],"class_list":["post-6541","post","type-post","status-publish","format-standard","has-post-thumbnail","hentry","category-wydarzenia"],"_links":{"self":[{"href":"https:\/\/format.asp.wroc.pl\/index.php\/wp-json\/wp\/v2\/posts\/6541","targetHints":{"allow":["GET"]}}],"collection":[{"href":"https:\/\/format.asp.wroc.pl\/index.php\/wp-json\/wp\/v2\/posts"}],"about":[{"href":"https:\/\/format.asp.wroc.pl\/index.php\/wp-json\/wp\/v2\/types\/post"}],"author":[{"embeddable":true,"href":"https:\/\/format.asp.wroc.pl\/index.php\/wp-json\/wp\/v2\/users\/1"}],"replies":[{"embeddable":true,"href":"https:\/\/format.asp.wroc.pl\/index.php\/wp-json\/wp\/v2\/comments?post=6541"}],"version-history":[{"count":5,"href":"https:\/\/format.asp.wroc.pl\/index.php\/wp-json\/wp\/v2\/posts\/6541\/revisions"}],"predecessor-version":[{"id":6547,"href":"https:\/\/format.asp.wroc.pl\/index.php\/wp-json\/wp\/v2\/posts\/6541\/revisions\/6547"}],"wp:featuredmedia":[{"embeddable":true,"href":"https:\/\/format.asp.wroc.pl\/index.php\/wp-json\/wp\/v2\/media\/6543"}],"wp:attachment":[{"href":"https:\/\/format.asp.wroc.pl\/index.php\/wp-json\/wp\/v2\/media?parent=6541"}],"wp:term":[{"taxonomy":"category","embeddable":true,"href":"https:\/\/format.asp.wroc.pl\/index.php\/wp-json\/wp\/v2\/categories?post=6541"},{"taxonomy":"post_tag","embeddable":true,"href":"https:\/\/format.asp.wroc.pl\/index.php\/wp-json\/wp\/v2\/tags?post=6541"}],"curies":[{"name":"wp","href":"https:\/\/api.w.org\/{rel}","templated":true}]}}