{"id":6933,"date":"2025-12-08T07:14:54","date_gmt":"2025-12-08T07:14:54","guid":{"rendered":"https:\/\/format.asp.wroc.pl\/?p=6933"},"modified":"2025-12-08T07:15:13","modified_gmt":"2025-12-08T07:15:13","slug":"6933","status":"publish","type":"post","link":"https:\/\/format.asp.wroc.pl\/index.php\/2025\/12\/08\/6933\/","title":{"rendered":"32. Og\u00f3lnopolski Przegl\u0105d Malarstwa M\u0142odych PROMOCJE 2025"},"content":{"rendered":"<p>[et_pb_section fb_built=&#8221;1&#8243; _builder_version=&#8221;4.16.0&#8243; _module_preset=&#8221;default&#8221; custom_padding=&#8221;4px|||||&#8221; global_colors_info=&#8221;{}&#8221; theme_builder_area=&#8221;post_content&#8221;][et_pb_row _builder_version=&#8221;4.16&#8243; _module_preset=&#8221;default&#8221; custom_padding=&#8221;0px||0px|||&#8221; global_colors_info=&#8221;{}&#8221; theme_builder_area=&#8221;post_content&#8221;][et_pb_column type=&#8221;4_4&#8243; _builder_version=&#8221;4.16&#8243; _module_preset=&#8221;default&#8221; global_colors_info=&#8221;{}&#8221; theme_builder_area=&#8221;post_content&#8221;][et_pb_text _builder_version=&#8221;4.27.4&#8243; _module_preset=&#8221;default&#8221; hover_enabled=&#8221;0&#8243; global_colors_info=&#8221;{}&#8221; theme_builder_area=&#8221;post_content&#8221; sticky_enabled=&#8221;0&#8243;]<\/p>\n<p style=\"text-align: justify;\">\n<p style=\"text-align: justify;\">Og\u00f3lnopolski Przegl\u0105d Malarstwa M\u0142odych PROMOCJE, jedno z najwa\u017cniejszych wydarze\u0144 dedykowanych m\u0142odemu malarstwu w Polsce, powraca z 32. edycj\u0105, prezentuj\u0105c wyrazisty obraz tw\u00f3rczo\u015bci absolwent\u00f3w krajowych uczelni artystycznych. Spo\u015br\u00f3d 103 zg\u0142osze\u0144 nades\u0142anych z 18 Akademii Sztuk Pi\u0119knych z ca\u0142ego kraju jury \u2013 Jerzy Kosa\u0142ka, Sylwia Erbert-Hoja, Stach Szab\u0142owski i Justyna Teodorczyk \u2013 wy\u0142oni\u0142o 48 prac 24 tw\u00f3rc\u00f3w, kt\u00f3re tworz\u0105 tegoroczn\u0105 ekspozycj\u0119. Uroczysty wernisa\u017c, po\u0142\u0105czony z og\u0142oszeniem nazwisk laureat\u00f3w, odb\u0119dzie si\u0119 12 grudnia o godz. 18.00 w Galerii Sztuki w Legnicy, kt\u00f3ra jest organizatorem wydarzenia.<\/p>\n<p style=\"text-align: justify;\">Gdybym mia\u0142 szuka\u0107 wsp\u00f3lnych mianownik\u00f3w, to my\u015bl\u0119, \u017ce na tej wystawie znajdzie si\u0119 du\u017co ekspresji, dosy\u0107 niegrzecznego, wyrazistego malarstwa, blisko cz\u0142owieka, przedstawiaj\u0105cego rzeczywisto\u015b\u0107 w intensywny, niepokorny spos\u00f3b \u2013 komentuje Stach Szab\u0142owski. Najbardziej uderzy\u0142o mnie to, \u017ce wielu z m\u0142odych tw\u00f3rc\u00f3w lubi retrospekcj\u0119. To \u015bwiaty wewn\u0119trzne, ale te\u017c obserwacje rzeczywisto\u015bci, kt\u00f3ra nas dotyka. Zauwa\u017camy te\u017c wiele prac zwi\u0105zanych z aktualn\u0105 sytuacj\u0105 na \u015bwiecie. Pewne obrazy s\u0105 niepokoj\u0105ce, budz\u0105 du\u017co emocji, ale te\u017c s\u0105 zaskakuj\u0105ce, czy to pod wzgl\u0119dem formalnym, kolorystycznym czy kompozycyjnym \u2013 dodaje Sylwia Erbert-Hoja.<\/p>\n<p style=\"text-align: justify;\">Legnickie PROMOCJE to jedno z najwa\u017cniejszych wydarze\u0144 na mapie polskiej sztuki. Od wielu lat wspiera debiutuj\u0105cych artyst\u00f3w i pozwala \u015bledzi\u0107 najnowsze trendy w malarstwie polskim. Liczne grono laureat\u00f3w wcze\u015bniejszych edycji buduje dzi\u015b znacz\u0105ce kariery w Polsce i za granic\u0105 lub kszta\u0142ci nowe pokolenia w Akademiach Sztuk Pi\u0119knych.<\/p>\n<p style=\"text-align: justify;\">\n<p style=\"text-align: justify;\">\n<p style=\"text-align: justify;\">32. Og\u00f3lnopolski Przegl\u0105d Malarstwa M\u0142odych PROMOCJE 2025<br \/>Galeria Sztuki w Legnicy<br \/>Wernisa\u017c: 12 grudnia 2025, godz. 18.00<br \/>Wystawa: 28.11.2025\u201325.01.2026 | Wst\u0119p wolny<\/p>\n<p>[\/et_pb_text][\/et_pb_column][\/et_pb_row][\/et_pb_section][et_pb_section fb_built=&#8221;1&#8243; _builder_version=&#8221;4.16.0&#8243; _module_preset=&#8221;default&#8221; custom_padding=&#8221;0px||0px|||&#8221; global_colors_info=&#8221;{}&#8221; theme_builder_area=&#8221;post_content&#8221;][et_pb_row use_custom_gutter=&#8221;on&#8221; gutter_width=&#8221;2&#8243; _builder_version=&#8221;4.16.0&#8243; _module_preset=&#8221;default&#8221; custom_padding=&#8221;0px|||||&#8221; global_colors_info=&#8221;{}&#8221; theme_builder_area=&#8221;post_content&#8221;][et_pb_column type=&#8221;4_4&#8243; _builder_version=&#8221;4.16.0&#8243; _module_preset=&#8221;default&#8221; global_colors_info=&#8221;{}&#8221; theme_builder_area=&#8221;post_content&#8221;][et_pb_gallery gallery_ids=&#8221;6936,6937,6938,6939&#8243; posts_number=&#8221;40&#8243; show_title_and_caption=&#8221;off&#8221; show_pagination=&#8221;off&#8221; _builder_version=&#8221;4.27.4&#8243; _module_preset=&#8221;default&#8221; custom_margin=&#8221;||20px|||&#8221; hover_enabled=&#8221;0&#8243; global_colors_info=&#8221;{}&#8221; theme_builder_area=&#8221;post_content&#8221; sticky_enabled=&#8221;0&#8243;][\/et_pb_gallery][\/et_pb_column][\/et_pb_row][\/et_pb_section]<\/p>\n","protected":false},"excerpt":{"rendered":"<p>Og\u00f3lnopolski Przegl\u0105d Malarstwa M\u0142odych PROMOCJE, jedno z najwa\u017cniejszych wydarze\u0144 dedykowanych m\u0142odemu malarstwu w Polsce, powraca z 32. edycj\u0105, prezentuj\u0105c wyrazisty obraz tw\u00f3rczo\u015bci absolwent\u00f3w krajowych uczelni artystycznych. Spo\u015br\u00f3d 103 zg\u0142osze\u0144 nades\u0142anych z 18 Akademii Sztuk Pi\u0119knych z ca\u0142ego kraju jury \u2013 Jerzy Kosa\u0142ka, Sylwia Erbert-Hoja, Stach Szab\u0142owski i Justyna Teodorczyk \u2013 wy\u0142oni\u0142o 48 prac 24 tw\u00f3rc\u00f3w, [&hellip;]<\/p>\n","protected":false},"author":1,"featured_media":6940,"comment_status":"closed","ping_status":"closed","sticky":false,"template":"","format":"standard","meta":{"_et_pb_use_builder":"on","_et_pb_old_content":"","_et_gb_content_width":"","footnotes":""},"categories":[8],"tags":[],"class_list":["post-6933","post","type-post","status-publish","format-standard","has-post-thumbnail","hentry","category-wydarzenia"],"_links":{"self":[{"href":"https:\/\/format.asp.wroc.pl\/index.php\/wp-json\/wp\/v2\/posts\/6933","targetHints":{"allow":["GET"]}}],"collection":[{"href":"https:\/\/format.asp.wroc.pl\/index.php\/wp-json\/wp\/v2\/posts"}],"about":[{"href":"https:\/\/format.asp.wroc.pl\/index.php\/wp-json\/wp\/v2\/types\/post"}],"author":[{"embeddable":true,"href":"https:\/\/format.asp.wroc.pl\/index.php\/wp-json\/wp\/v2\/users\/1"}],"replies":[{"embeddable":true,"href":"https:\/\/format.asp.wroc.pl\/index.php\/wp-json\/wp\/v2\/comments?post=6933"}],"version-history":[{"count":4,"href":"https:\/\/format.asp.wroc.pl\/index.php\/wp-json\/wp\/v2\/posts\/6933\/revisions"}],"predecessor-version":[{"id":6943,"href":"https:\/\/format.asp.wroc.pl\/index.php\/wp-json\/wp\/v2\/posts\/6933\/revisions\/6943"}],"wp:featuredmedia":[{"embeddable":true,"href":"https:\/\/format.asp.wroc.pl\/index.php\/wp-json\/wp\/v2\/media\/6940"}],"wp:attachment":[{"href":"https:\/\/format.asp.wroc.pl\/index.php\/wp-json\/wp\/v2\/media?parent=6933"}],"wp:term":[{"taxonomy":"category","embeddable":true,"href":"https:\/\/format.asp.wroc.pl\/index.php\/wp-json\/wp\/v2\/categories?post=6933"},{"taxonomy":"post_tag","embeddable":true,"href":"https:\/\/format.asp.wroc.pl\/index.php\/wp-json\/wp\/v2\/tags?post=6933"}],"curies":[{"name":"wp","href":"https:\/\/api.w.org\/{rel}","templated":true}]}}