{"id":7345,"date":"2026-03-04T14:20:05","date_gmt":"2026-03-04T14:20:05","guid":{"rendered":"https:\/\/format.asp.wroc.pl\/?p=7345"},"modified":"2026-03-04T14:20:06","modified_gmt":"2026-03-04T14:20:06","slug":"7345","status":"publish","type":"post","link":"https:\/\/format.asp.wroc.pl\/index.php\/2026\/03\/04\/7345\/","title":{"rendered":"Przestrze\u0144 skonstruowana \u2013 wsp\u00f3\u0142istnienie. Wystawa \u0141ukasza Patelczyka"},"content":{"rendered":"<p>[et_pb_section fb_built=&#8221;1&#8243; _builder_version=&#8221;4.16.0&#8243; _module_preset=&#8221;default&#8221; custom_padding=&#8221;4px|||||&#8221; global_colors_info=&#8221;{}&#8221; theme_builder_area=&#8221;post_content&#8221;][et_pb_row _builder_version=&#8221;4.16&#8243; _module_preset=&#8221;default&#8221; custom_padding=&#8221;0px||0px|||&#8221; global_colors_info=&#8221;{}&#8221; theme_builder_area=&#8221;post_content&#8221;][et_pb_column type=&#8221;4_4&#8243; _builder_version=&#8221;4.16&#8243; _module_preset=&#8221;default&#8221; global_colors_info=&#8221;{}&#8221; theme_builder_area=&#8221;post_content&#8221;][et_pb_text _builder_version=&#8221;4.27.6&#8243; _module_preset=&#8221;default&#8221; custom_padding=&#8221;||0px|||&#8221; hover_enabled=&#8221;0&#8243; global_colors_info=&#8221;{}&#8221; theme_builder_area=&#8221;post_content&#8221; sticky_enabled=&#8221;0&#8243;]<\/p>\n<p style=\"text-align: justify;\">Indywidualna wystawa \u0141ukasza Patelczyka, w ramach cyklu Cechy wsp\u00f3lne, cechy wyj\u0105tkowe, pn. <em>Przestrze\u0144 skonstruowana \u2013 wsp\u00f3\u0142istnienie<\/em> prezentowana w obu nawach Galerii EL jest spotkaniem dw\u00f3ch porz\u0105dk\u00f3w: wsp\u00f3\u0142czesnej tw\u00f3rczo\u015bci malarskiej artysty oraz historycznego profilu programowego instytucji, zwi\u0105zanego z geometri\u0105, sztuk\u0105 konkretn\u0105 i minimalizmem. Prezentacja prac \u0141ukasza Patelczyka wpisuje si\u0119 w t\u0119 tradycj\u0119, jednocze\u015bnie proponuj\u0105c jej aktualne, autorskie rozwini\u0119cie.<\/p>\n<p style=\"text-align: justify;\">Malarstwo Patelczyka kreuje w\u0142asny, rozpoznawalny j\u0119zyk wizualny, w kt\u00f3rym romantycznie pojmowany pejza\u017c \u2013 rozleg\u0142e niebo, horyzont, \u015bwiat\u0142o i atmosfera \u2013 spotyka si\u0119 z prostymi formami geometrycznymi: liniami, okr\u0119gami, tr\u00f3jk\u0105tami czy \u015bwietlnymi p\u0142aszczyznami. Wprowadzane przez artyst\u0119 geometryczne formy sprawiaj\u0105, \u017ce pejza\u017c przestaje by\u0107 jedynie przedstawieniem natury. Linie, okr\u0119gi czy \u015bwietlne p\u0142aszczyzny nie tylko porz\u0105dkuj\u0105 kompozycj\u0119, ale te\u017c u\u015bwiadamiaj\u0105 nam, \u017ce obraz jest \u015bwiadomie zaprojektowan\u0105 konstrukcj\u0105. Patrzymy wi\u0119c na przestrze\u0144 zbudowan\u0105 z decyzji malarskich \u2013 z uk\u0142adu horyzontu, kierunk\u00f3w, napi\u0119\u0107 i proporcji. W ten spos\u00f3b Patelczyk wyznacza nam kierunek patrzenia na obraz. Pokazuje, \u017ce to, co wydaje si\u0119 naturalnym widokiem, jest jednocze\u015bnie efektem kompozycji i intelektualnego namys\u0142u. Jego malarstwo balansuje mi\u0119dzy wra\u017ceniem realnej, niemal romantycznej przestrzeni a wyra\u017anie zaznaczon\u0105 struktur\u0105 obrazu, przypominaj\u0105c, \u017ce ka\u017cde przedstawienie jest zar\u00f3wno do\u015bwiadczeniem natury, jak i przemy\u015blan\u0105 konstrukcj\u0105.<\/p>\n<p style=\"text-align: justify;\">Ten swoisty dialog zostaje pog\u0142\u0119biony poprzez zestawienie prac artysty z wybranymi dzie\u0142ami z Kolekcji MMA \u2013 zbioru sztuki geometrycznej przekazanego Galerii EL przez Gerarda Kwiatkowskiego \u2013 za\u0142o\u017cyciela instytucji. Kolekcja obejmuje prace wybitnych tw\u00f3rc\u00f3w nurtu geometrii w sztuce i stanowi jeden z fundament\u00f3w to\u017csamo\u015bci instytucji. Obecne w niej realizacje \u2013 operuj\u0105ce redukcj\u0105, rytmem, modu\u0142em i precyzyjn\u0105 konstrukcj\u0105 \u2013 koncentruj\u0105 si\u0119 na autonomii formy oraz na badaniu percepcji. W konfrontacji z malarstwem Patelczyka ujawniaj\u0105 wsp\u00f3lne pole zainteresowa\u0144: przestrze\u0144 jako struktur\u0119, obraz jako system napi\u0119\u0107, geometri\u0119 jako j\u0119zyk organizuj\u0105cy do\u015bwiadczenie widza.<\/p>\n<p style=\"text-align: justify;\">Tytu\u0142owe \u201ewsp\u00f3\u0142istnienie\u201d odnosi si\u0119 zatem do wielopoziomowej relacji. To wsp\u00f3\u0142obecno\u015b\u0107 pejza\u017cu i abstrakcji, malarskiej materii i precyzji geometrycznej linii, emocjonalnego do\u015bwiadczenia przestrzeni i jej analitycznej konstrukcji. To tak\u017ce wsp\u00f3\u0142istnienie historii i wsp\u00f3\u0142czesno\u015bci \u2013 tradycji programowej Galerii EL i indywidualnej, aktualnej praktyki artysty. W monumentalnej przestrzeni galerii oba porz\u0105dki spotykaj\u0105 si\u0119, wzajemnie si\u0119 dope\u0142niaj\u0105c.<\/p>\n<p style=\"text-align: justify;\"><strong>\u0141ukasz Patelczyk<\/strong> ur. 1986r. w Wejherowie. Jest absolwentem Wydzia\u0142u Malarstwa w Gda\u0144sku. Dyplom otrzyma\u0142 w 2012 roku w pracowni prof. Teresy Miszkin. Zajmuje si\u0119 malarstwem. Jest Laureatem wielu nagr\u00f3d i stypendi\u00f3w, m.in.: \u00a0Laureat m.in. pierwszego miejsca w rankingu Kompas M\u0142odej Sztuki (2020, ex aequo 2021) oraz Nagrody im. Kazimierza Ostrowskiego (2025). Swoje prace pokazywa\u0142 w wielu instytucjach i galeriach w Polsce i za granic\u0105 m in. w Ukrainie (Kij\u00f3w), Austrii (Salzburg), Niemczech (Budelsdorf), W\u0119grzech (Budapeszt), USA (Nowy Jork), Korei Po\u0142udniowej (Daejeon). Jego prace znajduj\u0105 si\u0119 m. In. W kolekcjach Muzeum Narodowego w Gda\u0144sku, Kolekcji Banku Polskiego PKO oraz licznych kolekcjach prywatnych w Polsce i za granic\u0105.<\/p>\n<p style=\"text-align: justify;\">Tekst i zdj\u0119cia: materia\u0142y organizatora<\/p>\n<p style=\"text-align: justify;\">\n<p style=\"text-align: justify;\"><strong>Przestrze\u0144 skonstruowana \u2013 wsp\u00f3\u0142istnienie. Wystawa \u0141ukasza Patelczyka<\/strong><br \/><strong>12.03.2026 \u2013 14.06.2026<\/strong><br \/><strong>Wernisa\u017c: 12.03.2026, godz. 18:00<\/strong><br \/><strong>Kuratorka: Joanna Mierzejewska<\/strong><br \/><strong>Centrum Sztuki Galeria EL, Elbl\u0105g<\/strong><\/p>\n<p>[\/et_pb_text][\/et_pb_column][\/et_pb_row][\/et_pb_section][et_pb_section fb_built=&#8221;1&#8243; _builder_version=&#8221;4.16.0&#8243; _module_preset=&#8221;default&#8221; custom_padding=&#8221;0px||0px|||&#8221; global_colors_info=&#8221;{}&#8221; theme_builder_area=&#8221;post_content&#8221;][et_pb_row use_custom_gutter=&#8221;on&#8221; gutter_width=&#8221;2&#8243; _builder_version=&#8221;4.16.0&#8243; _module_preset=&#8221;default&#8221; custom_padding=&#8221;0px|||||&#8221; global_colors_info=&#8221;{}&#8221; theme_builder_area=&#8221;post_content&#8221;][et_pb_column type=&#8221;4_4&#8243; _builder_version=&#8221;4.16.0&#8243; _module_preset=&#8221;default&#8221; global_colors_info=&#8221;{}&#8221; theme_builder_area=&#8221;post_content&#8221;][et_pb_gallery gallery_ids=&#8221;7348,7349,7350,7351,7352,7353&#8243; posts_number=&#8221;40&#8243; show_title_and_caption=&#8221;off&#8221; show_pagination=&#8221;off&#8221; _builder_version=&#8221;4.27.6&#8243; _module_preset=&#8221;default&#8221; custom_margin=&#8221;||20px|||&#8221; hover_enabled=&#8221;0&#8243; global_colors_info=&#8221;{}&#8221; theme_builder_area=&#8221;post_content&#8221; sticky_enabled=&#8221;0&#8243;][\/et_pb_gallery][\/et_pb_column][\/et_pb_row][\/et_pb_section]<\/p>\n","protected":false},"excerpt":{"rendered":"<p>Indywidualna wystawa \u0141ukasza Patelczyka, w ramach cyklu Cechy wsp\u00f3lne, cechy wyj\u0105tkowe, pn. Przestrze\u0144 skonstruowana \u2013 wsp\u00f3\u0142istnienie prezentowana w obu nawach Galerii EL jest spotkaniem dw\u00f3ch porz\u0105dk\u00f3w: wsp\u00f3\u0142czesnej tw\u00f3rczo\u015bci malarskiej artysty oraz historycznego profilu programowego instytucji, zwi\u0105zanego z geometri\u0105, sztuk\u0105 konkretn\u0105 i minimalizmem. Prezentacja prac \u0141ukasza Patelczyka wpisuje si\u0119 w t\u0119 tradycj\u0119, jednocze\u015bnie proponuj\u0105c jej aktualne, [&hellip;]<\/p>\n","protected":false},"author":1,"featured_media":7352,"comment_status":"closed","ping_status":"closed","sticky":false,"template":"","format":"standard","meta":{"_et_pb_use_builder":"on","_et_pb_old_content":"","_et_gb_content_width":"","footnotes":""},"categories":[9],"tags":[],"class_list":["post-7345","post","type-post","status-publish","format-standard","has-post-thumbnail","hentry","category-polecane"],"_links":{"self":[{"href":"https:\/\/format.asp.wroc.pl\/index.php\/wp-json\/wp\/v2\/posts\/7345","targetHints":{"allow":["GET"]}}],"collection":[{"href":"https:\/\/format.asp.wroc.pl\/index.php\/wp-json\/wp\/v2\/posts"}],"about":[{"href":"https:\/\/format.asp.wroc.pl\/index.php\/wp-json\/wp\/v2\/types\/post"}],"author":[{"embeddable":true,"href":"https:\/\/format.asp.wroc.pl\/index.php\/wp-json\/wp\/v2\/users\/1"}],"replies":[{"embeddable":true,"href":"https:\/\/format.asp.wroc.pl\/index.php\/wp-json\/wp\/v2\/comments?post=7345"}],"version-history":[{"count":4,"href":"https:\/\/format.asp.wroc.pl\/index.php\/wp-json\/wp\/v2\/posts\/7345\/revisions"}],"predecessor-version":[{"id":7356,"href":"https:\/\/format.asp.wroc.pl\/index.php\/wp-json\/wp\/v2\/posts\/7345\/revisions\/7356"}],"wp:featuredmedia":[{"embeddable":true,"href":"https:\/\/format.asp.wroc.pl\/index.php\/wp-json\/wp\/v2\/media\/7352"}],"wp:attachment":[{"href":"https:\/\/format.asp.wroc.pl\/index.php\/wp-json\/wp\/v2\/media?parent=7345"}],"wp:term":[{"taxonomy":"category","embeddable":true,"href":"https:\/\/format.asp.wroc.pl\/index.php\/wp-json\/wp\/v2\/categories?post=7345"},{"taxonomy":"post_tag","embeddable":true,"href":"https:\/\/format.asp.wroc.pl\/index.php\/wp-json\/wp\/v2\/tags?post=7345"}],"curies":[{"name":"wp","href":"https:\/\/api.w.org\/{rel}","templated":true}]}}