{"id":7401,"date":"2026-03-12T13:45:18","date_gmt":"2026-03-12T13:45:18","guid":{"rendered":"https:\/\/format.asp.wroc.pl\/?p=7401"},"modified":"2026-03-12T13:45:19","modified_gmt":"2026-03-12T13:45:19","slug":"7401","status":"publish","type":"post","link":"https:\/\/format.asp.wroc.pl\/index.php\/2026\/03\/12\/7401\/","title":{"rendered":"Laboratorium percepcji i dyskomfortu"},"content":{"rendered":"<p>[et_pb_section fb_built=&#8221;1&#8243; _builder_version=&#8221;4.16.0&#8243; _module_preset=&#8221;default&#8221; custom_padding=&#8221;4px|||||&#8221; global_colors_info=&#8221;{}&#8221; theme_builder_area=&#8221;post_content&#8221;][et_pb_row _builder_version=&#8221;4.16&#8243; _module_preset=&#8221;default&#8221; custom_padding=&#8221;0px||0px|||&#8221; global_colors_info=&#8221;{}&#8221; theme_builder_area=&#8221;post_content&#8221;][et_pb_column type=&#8221;4_4&#8243; _builder_version=&#8221;4.16&#8243; _module_preset=&#8221;default&#8221; global_colors_info=&#8221;{}&#8221; theme_builder_area=&#8221;post_content&#8221;][et_pb_text _builder_version=&#8221;4.27.6&#8243; _module_preset=&#8221;default&#8221; custom_padding=&#8221;||0px|||&#8221; hover_enabled=&#8221;0&#8243; global_colors_info=&#8221;{}&#8221; theme_builder_area=&#8221;post_content&#8221; sticky_enabled=&#8221;0&#8243;]<\/p>\n<p>Projekt skierowany jest do m\u0142odych os\u00f3b tw\u00f3rczych zainteresowanych sztukami performatywnymi, w szczeg\u00f3lno\u015bci performansem, sztuk\u0105 akcji, teatrem plastycznym, choreografi\u0105 oraz interdyscyplinarnymi formami scenicznymi.<\/p>\n<p>Program sk\u0142ada si\u0119 z trzech modu\u0142\u00f3w realizowanych podczas zjazd\u00f3w we Wroc\u0142awiu i Brzezince k. Ole\u015bnicy: Laboratorium dyskomfortu (pi\u0119ciodniowy trening koncentracji, pracy w ciszy i naturze), Laboratorium percepcji (trzy sesje pracy) oraz \u201e12 Hours of What?\u201d \u2013 dwunastogodzinny i symultaniczny performans kolektywny realizowany w Centrum Sztuk Performatywnych Instytutu Grotowskiego.<\/p>\n<p>Termin nadsy\u0142ania zg\u0142osze\u0144: 29 marca 2026<\/p>\n<p>Zapraszamy osoby studiuj\u0105ce w uczelniach artystycznych na poziomie I, II lub III stopnia do udzia\u0142u w projekcie Laboratorium Percepcji i Dyskomfortu 2026, realizowanym w Instytucie im. Jerzego Grotowskiego we Wroc\u0142awiu w okresie od kwietnia do listopada 2026 roku.<\/p>\n<p>Do udzia\u0142u zapraszamy osoby zainteresowane sztukami performatywnymi, kt\u00f3re chc\u0105 poszerzy\u0107 swoje do\u015bwiadczenie poprzez prac\u0119 z uznanymi tutorami i tutorkami podczas intensywnych zjazd\u00f3w we Wroc\u0142awiu oraz w Brzezince k. Ole\u015bnicy. Zapraszamy zar\u00f3wno osoby uczestnicz\u0105ce w poprzednich edycjach projektu, jak i te, kt\u00f3re chcia\u0142yby wzi\u0105\u0107 udzia\u0142 w nim po raz pierwszy.<\/p>\n<p>Istot\u0105 projektu jest udzia\u0142 we wszystkich sesjach pracy, zatem prosimy o przemy\u015blane decyzje. Wszystkie wydarzenia projektu odbywaj\u0105 si\u0119 w j\u0119zyku angielskim, wymagana jest znajomo\u015b\u0107 tego j\u0119zyka przynajmniej na poziomie B1.<\/p>\n<p><strong>Termin i spos\u00f3b aplikowania<\/strong><\/p>\n<p>Zg\u0142oszenia nale\u017cy przes\u0142a\u0107 za pomoc\u0105 formularza zg\u0142oszeniowego zawieraj\u0105cego:<br \/>\u25cf dane kontaktowe (adres e-mail, nr telefonu), informacje o wykszta\u0142ceniu;<br \/>\u25cf kr\u00f3tki biogram artystyczny (maks. 1500 znak\u00f3w),<br \/>\u25cf link do portfolio (showreel) w formie maksymalnie 2-minutowego nagrania wideo, zawieraj\u0105cego dokumentacj\u0119 dzia\u0142a\u0144\/performans\u00f3w lub innych prac oraz kr\u00f3tkie przedstawienie si\u0119 do kamery,<br \/>\u25cf motywacj\u0119 dotycz\u0105c\u0105 udzia\u0142u w projekcie.<\/p>\n<p>Aplikacj\u0119 nale\u017cy przesy\u0142a\u0107 do 29 marca 2026. Zg\u0142oszenia przyjmujemy wy\u0142\u0105cznie w formie elektronicznej. W procesie rekrutacji wy\u0142onionych zostanie maksymalnie 20 os\u00f3b. Wyniki zostan\u0105 przekazane najp\u00f3\u017aniej 5 kwietnia.<\/p>\n<p><strong>Spotkanie informacyjne online<\/strong><\/p>\n<p>Zapraszamy na spotkanie informacyjne dotycz\u0105ce projektu, kt\u00f3re odb\u0119dzie si\u0119 16 marca (poniedzia\u0142ek) o godz. 18:00 na platformie Zoom. Podczas spotkania kurator projektu, dr hab. Artur (Arti) Grabowski, przedstawi za\u0142o\u017cenia programowe Laboratorium. Odpowiemy r\u00f3wnie\u017c na pytania dotycz\u0105ce procesu rekrutacji oraz przebiegu sesji pracy. Osoby zainteresowane prosimy o zg\u0142oszenie ch\u0119ci udzia\u0142u na adres: lp@grotowski-institute.pl. W odpowiedzi zostanie przes\u0142any link do spotkania.<\/p>\n<p><strong>Terminy i miejsca sesji warsztatowych<\/strong><\/p>\n<p>\u25cf 22\u201327 kwietnia 2026 \u2013 Brzezinka k. Ole\u015bnicy<br \/>\u25cf 20\u201327 maja 2026 \u2013 przestrze\u0144 miejska Wroc\u0142awia, Studio Na Grobli Instytutu Grotowskiego<br \/>\u25cf 2\u20139 lipca 2026 \u2013 Centrum Sztuk Performatywnych Instytutu Grotowskiego (12-godzinny pokaz publiczny \u201e12 Hours of What?\u201d)<br \/>\u25cf listopad 2026 \u2013 Studio Na Grobli Instytutu Grotowskiego (szczeg\u00f3\u0142y podamy w p\u00f3\u017aniejszym terminie)<\/p>\n<p><strong>Tutorzy i tutorki<\/strong><\/p>\n<p>John Court \/ Lina Lapelyt\u0117 \/ Arti Grabowski \/ Krzysztof Jerzak \/ Martin Kilvady \/ Aleksandra Kotecka \/ Abraham Poincheval \/ Benjamin Verdonck<\/p>\n<p>Instytut im. Jerzego Grotowskiego zapewnia:<\/p>\n<p>\u25cf bezp\u0142atny udzia\u0142 w projekcie,<br \/>\u25cf opiek\u0119 koordynacyjn\u0105, wsparcie techniczne i realizacyjne podczas pokazu publicznego \u201e12 Hours of What?\u201d a tak\u017ce dokumentacj\u0119 fotograficzn\u0105 i filmow\u0105 wydarzenia,<br \/>\u25cf nocleg (w koedukacyjnych pokojach wieloosobowych),<br \/>\u25cf obiad i pocz\u0119stunek podczas warsztat\u00f3w,<br \/>\u25cf za\u015bwiadczenie o udziale w projekcie,<br \/>\u25cf transport zorganizowany na trasie Wroc\u0142aw \u2013 Brzezinka \u2013 Wroc\u0142aw.<\/p>\n<p>Koszty podr\u00f3\u017cy do\/z Wroc\u0142awia pokrywaj\u0105 osoby uczestnicz\u0105ce.<\/p>\n<p>Zaj\u0119cia odbywaj\u0105 si\u0119 w:<\/p>\n<p>\u2013 przestrzeni publicznej Wroc\u0142awia,<br \/>\u2013 Studiu Na Grobli Instytutu Grotowskiego,<br \/>\u2013 Centrum Sztuk Performatywnych Instytutu Grotowskiego,<br \/>\u2013 Brzezince k. Ole\u015bnicy (le\u015bnej bazie Instytutu).<\/p>\n<p>[\/et_pb_text][\/et_pb_column][\/et_pb_row][\/et_pb_section][et_pb_section fb_built=&#8221;1&#8243; _builder_version=&#8221;4.16.0&#8243; _module_preset=&#8221;default&#8221; custom_padding=&#8221;0px||0px|||&#8221; global_colors_info=&#8221;{}&#8221; theme_builder_area=&#8221;post_content&#8221;][et_pb_row use_custom_gutter=&#8221;on&#8221; gutter_width=&#8221;2&#8243; _builder_version=&#8221;4.16.0&#8243; _module_preset=&#8221;default&#8221; custom_padding=&#8221;0px|||||&#8221; global_colors_info=&#8221;{}&#8221; theme_builder_area=&#8221;post_content&#8221;][et_pb_column type=&#8221;4_4&#8243; _builder_version=&#8221;4.16.0&#8243; _module_preset=&#8221;default&#8221; global_colors_info=&#8221;{}&#8221; theme_builder_area=&#8221;post_content&#8221;][et_pb_gallery gallery_ids=&#8221;7404&#8243; posts_number=&#8221;40&#8243; show_title_and_caption=&#8221;off&#8221; show_pagination=&#8221;off&#8221; _builder_version=&#8221;4.27.6&#8243; _module_preset=&#8221;default&#8221; custom_margin=&#8221;||20px|||&#8221; hover_enabled=&#8221;0&#8243; global_colors_info=&#8221;{}&#8221; theme_builder_area=&#8221;post_content&#8221; sticky_enabled=&#8221;0&#8243;][\/et_pb_gallery][\/et_pb_column][\/et_pb_row][\/et_pb_section]<\/p>\n","protected":false},"excerpt":{"rendered":"<p>Projekt skierowany jest do m\u0142odych os\u00f3b tw\u00f3rczych zainteresowanych sztukami performatywnymi, w szczeg\u00f3lno\u015bci performansem, sztuk\u0105 akcji, teatrem plastycznym, choreografi\u0105 oraz interdyscyplinarnymi formami scenicznymi.<\/p>\n","protected":false},"author":1,"featured_media":7404,"comment_status":"closed","ping_status":"closed","sticky":false,"template":"","format":"standard","meta":{"_et_pb_use_builder":"on","_et_pb_old_content":"","_et_gb_content_width":"","footnotes":""},"categories":[8],"tags":[],"class_list":["post-7401","post","type-post","status-publish","format-standard","has-post-thumbnail","hentry","category-wydarzenia"],"_links":{"self":[{"href":"https:\/\/format.asp.wroc.pl\/index.php\/wp-json\/wp\/v2\/posts\/7401","targetHints":{"allow":["GET"]}}],"collection":[{"href":"https:\/\/format.asp.wroc.pl\/index.php\/wp-json\/wp\/v2\/posts"}],"about":[{"href":"https:\/\/format.asp.wroc.pl\/index.php\/wp-json\/wp\/v2\/types\/post"}],"author":[{"embeddable":true,"href":"https:\/\/format.asp.wroc.pl\/index.php\/wp-json\/wp\/v2\/users\/1"}],"replies":[{"embeddable":true,"href":"https:\/\/format.asp.wroc.pl\/index.php\/wp-json\/wp\/v2\/comments?post=7401"}],"version-history":[{"count":4,"href":"https:\/\/format.asp.wroc.pl\/index.php\/wp-json\/wp\/v2\/posts\/7401\/revisions"}],"predecessor-version":[{"id":7407,"href":"https:\/\/format.asp.wroc.pl\/index.php\/wp-json\/wp\/v2\/posts\/7401\/revisions\/7407"}],"wp:featuredmedia":[{"embeddable":true,"href":"https:\/\/format.asp.wroc.pl\/index.php\/wp-json\/wp\/v2\/media\/7404"}],"wp:attachment":[{"href":"https:\/\/format.asp.wroc.pl\/index.php\/wp-json\/wp\/v2\/media?parent=7401"}],"wp:term":[{"taxonomy":"category","embeddable":true,"href":"https:\/\/format.asp.wroc.pl\/index.php\/wp-json\/wp\/v2\/categories?post=7401"},{"taxonomy":"post_tag","embeddable":true,"href":"https:\/\/format.asp.wroc.pl\/index.php\/wp-json\/wp\/v2\/tags?post=7401"}],"curies":[{"name":"wp","href":"https:\/\/api.w.org\/{rel}","templated":true}]}}