{"id":7665,"date":"2026-04-26T08:54:00","date_gmt":"2026-04-26T08:54:00","guid":{"rendered":"https:\/\/format.asp.wroc.pl\/?p=7665"},"modified":"2026-04-26T08:57:54","modified_gmt":"2026-04-26T08:57:54","slug":"7665","status":"publish","type":"post","link":"https:\/\/format.asp.wroc.pl\/index.php\/2026\/04\/26\/7665\/","title":{"rendered":"Triennale Polskiego Rysunku Wsp\u00f3\u0142czesnego &#8211; zaproszenie do udzia\u0142u w XII edycji"},"content":{"rendered":"<p>[et_pb_section fb_built=&#8221;1&#8243; _builder_version=&#8221;4.16.0&#8243; _module_preset=&#8221;default&#8221; custom_padding=&#8221;4px|||||&#8221; global_colors_info=&#8221;{}&#8221; theme_builder_area=&#8221;post_content&#8221;][et_pb_row _builder_version=&#8221;4.16&#8243; _module_preset=&#8221;default&#8221; custom_padding=&#8221;0px||0px|||&#8221; global_colors_info=&#8221;{}&#8221; theme_builder_area=&#8221;post_content&#8221;][et_pb_column type=&#8221;4_4&#8243; _builder_version=&#8221;4.16&#8243; _module_preset=&#8221;default&#8221; global_colors_info=&#8221;{}&#8221; theme_builder_area=&#8221;post_content&#8221;][et_pb_text _builder_version=&#8221;4.27.6&#8243; _module_preset=&#8221;default&#8221; custom_padding=&#8221;||0px|||&#8221; hover_enabled=&#8221;0&#8243; global_colors_info=&#8221;{}&#8221; theme_builder_area=&#8221;post_content&#8221; sticky_enabled=&#8221;0&#8243;]<\/p>\n<p style=\"text-align: justify;\">Triennale Polskiego Rysunku Wsp\u00f3\u0142czesnego to og\u00f3lnopolski konkurs rysunku wsp\u00f3\u0142czesnego, kt\u00f3ry od ponad trzydziestu lat przyci\u0105ga wielu artyst\u00f3w profesjonalnych z ca\u0142ej Polski, zar\u00f3wno tw\u00f3rc\u00f3w o ugruntowanej pozycji, jak i tych, kt\u00f3rzy dopiero rozpoczynaj\u0105 swoj\u0105 artystyczn\u0105 drog\u0119. Dzi\u0119ki cyklicznej realizacji konkursu, kolekcja rysunku wsp\u00f3\u0142czesnego w Muzeum Kres\u00f3w w Lubaczowie, wzbogacana o prace laureat\u00f3w i wyr\u00f3\u017cnionych uczestnik\u00f3w, stanowi unikatowy zapis przemian zachodz\u0105cych w obr\u0119bie tej dziedziny \u2014 r\u00f3\u017cnorodno\u015bci postaw tw\u00f3rczych, technik oraz podejmowanych temat\u00f3w. Dzieje si\u0119 tak r\u00f3wnie\u017c za spraw\u0105 do\u015b\u0107 rygorystycznego i tradycyjnego traktowania poj\u0119cia rysunku, jako autonomicznej i niezale\u017cnej dziedziny sztuki, kt\u00f3ra opiera si\u0119 na bezpo\u015brednim kontakcie artysty z papierowym pod\u0142o\u017cem i narz\u0119dziem, co sprzyja pog\u0142\u0119bionej refleksji nad jego mo\u017cliwo\u015bciami i ograniczeniami.<\/p>\n<p style=\"text-align: justify;\">Triennale rozwin\u0119\u0142o lubaczowsk\u0105 kolekcj\u0119 rysunku wsp\u00f3\u0142czesnego, zapocz\u0105tkowan\u0105 w latach 80. XX w., obejmuj\u0105c\u0105 prace najwybitniejszych polskich artyst\u00f3w, m.in.: Mariana Kopfa, Ryszarda Otr\u0119by, Adama Hoffmana, Jana Pamu\u0142y, Jana Dobkowskiego, Alfreda Lenicy, Aleksandra Kobzdeja, Marka Chlandy, Jonasza Sterna, Erny Rosenstein, Wac\u0142awa Borowskiego, Marii Jaremy, Kazimierza Mikulskiego czy Zdzis\u0142awa Beksi\u0144skiego. W dziesi\u0119ciu dotychczasowych edycjach konkursu, w latach 1993\u20132023 wzi\u0119\u0142o udzia\u0142 ponad dwa i p\u00f3\u0142 tysi\u0105ca uczestnik\u00f3w, kt\u00f3rzy zaprezentowali kolejnym komisjom konkursowym blisko sze\u015b\u0107 tysi\u0119cy prac.<\/p>\n<p style=\"text-align: justify;\">Do udzia\u0142u w XII edycji zapraszamy artyst\u00f3w profesjonalnych z ca\u0142ej Polski. Zg\u0142oszone prace zostan\u0105 ocenione przez jury z\u0142o\u017cone z ekspert\u00f3w i specjalist\u00f3w w dziedzinie sztuki wsp\u00f3\u0142czesnej. Efektem obrad b\u0119dzie wyb\u00f3r laureat\u00f3w oraz prac zakwalifikowanych do wystawy pokonkursowej.<\/p>\n<p style=\"text-align: justify;\">Istotnym elementem organizacji konkursu s\u0105 jasno okre\u015blone kryteria techniczne. Priorytetem jest klasyczny rysunek w tradycyjnej technice, rozumiany jako praca na p\u0142aszczy\u017anie papieru z narz\u0119dziem. Do konkursu dopuszczalne s\u0105 prace wykonane na papierze, w formacie nie wi\u0119kszym ni\u017c 100 x 70cm, w uk\u0142adzie pionowym lub poziomym. Przyj\u0119te ramy formalne umo\u017cliwiaj\u0105 zachowanie sp\u00f3jno\u015bci wystawy pokonkursowej, zapewniaj\u0105c bezpiecze\u0144stwo eksponowanych prac oraz pozwalaj\u0105 na optymalne wykorzystanie przestrzeni ekspozycyjnej dost\u0119pnej w Galerii Oficyna w Zespole Zamkowo-Parkowym przy Muzeum Kres\u00f3w w Lubaczowie, gdzie od wielu lat go\u015bci wystawa pokonkursowa.<\/p>\n<p style=\"text-align: justify;\">Konkurs oraz podsumowuj\u0105ca go ka\u017cdorazowo wystawa pokonkursowa s\u0105 tak\u017ce okazj\u0105 do spotkania \u015brodowiska artystycznego i muzealniczego z wiern\u0105 i liczn\u0105 publiczno\u015bci\u0105 Podkarpacia, na Kresach Rzeczypospolitej, kt\u00f3ra od trzech dekad \u015bledzi kolejne ods\u0142ony wydarzenia. Tym samym realizowane s\u0105 g\u0142\u00f3wne cele Triennale: popularyzacja rysunku, prezentacja dorobku artystycznego tw\u00f3rc\u00f3w z ca\u0142ej Polski oraz konsolidacja sztuki wsp\u00f3\u0142czesnej z lokalnym \u015brodowiskiem, na zapleczu wi\u0119kszych o\u015brodk\u00f3w akademickich i tw\u00f3rczych.<\/p>\n<p style=\"text-align: justify;\">\n<p style=\"text-align: justify;\">\n<h6 style=\"text-align: justify;\">Tegoroczna edycja konkursu, analogicznie jak w 2020 i 2023 r., zosta\u0142a dofinansowana ze \u015brodk\u00f3w Ministra Kultury i Dziedzictwa Narodowego w ramach programu \u201eSztuki wizualne\u201d, koordynowanego przez Zach\u0119t\u0119 Narodow\u0105 Galeri\u0119 Sztuki.<\/h6>\n<h6 style=\"text-align: justify;\">Informacje na temat tegorocznej edycji Triennale zosta\u0142y opublikowane na stronie internetowej Muzeum Kres\u00f3w w Lubaczowie w zak\u0142adce \u201eTriennale Rysunku\u201d. Termin nadsy\u0142ania prac up\u0142ywa 1 czerwca br., natomiast wernisa\u017c wystawy pokonkursowej odb\u0119dzie si\u0119 27 wrze\u015bnia w Galerii Oficyna w Zespole Zamkowo-Parkowym przy Muzeum Kres\u00f3w w Lubaczowie.<\/h6>\n<p>[\/et_pb_text][\/et_pb_column][\/et_pb_row][\/et_pb_section][et_pb_section fb_built=&#8221;1&#8243; _builder_version=&#8221;4.16.0&#8243; _module_preset=&#8221;default&#8221; custom_padding=&#8221;0px||0px|||&#8221; global_colors_info=&#8221;{}&#8221; theme_builder_area=&#8221;post_content&#8221;][et_pb_row use_custom_gutter=&#8221;on&#8221; gutter_width=&#8221;2&#8243; _builder_version=&#8221;4.16.0&#8243; _module_preset=&#8221;default&#8221; custom_padding=&#8221;0px|||||&#8221; global_colors_info=&#8221;{}&#8221; theme_builder_area=&#8221;post_content&#8221;][et_pb_column type=&#8221;4_4&#8243; _builder_version=&#8221;4.16.0&#8243; _module_preset=&#8221;default&#8221; global_colors_info=&#8221;{}&#8221; theme_builder_area=&#8221;post_content&#8221;][et_pb_gallery gallery_ids=&#8221;7668&#8243; posts_number=&#8221;40&#8243; show_title_and_caption=&#8221;off&#8221; show_pagination=&#8221;off&#8221; _builder_version=&#8221;4.27.6&#8243; _module_preset=&#8221;default&#8221; custom_margin=&#8221;||20px|||&#8221; hover_enabled=&#8221;0&#8243; global_colors_info=&#8221;{}&#8221; theme_builder_area=&#8221;post_content&#8221; sticky_enabled=&#8221;0&#8243;][\/et_pb_gallery][\/et_pb_column][\/et_pb_row][\/et_pb_section]<\/p>\n","protected":false},"excerpt":{"rendered":"<p>Triennale Polskiego Rysunku Wsp\u00f3\u0142czesnego to og\u00f3lnopolski konkurs rysunku wsp\u00f3\u0142czesnego, kt\u00f3ry od ponad trzydziestu lat przyci\u0105ga wielu artyst\u00f3w profesjonalnych z ca\u0142ej Polski, zar\u00f3wno tw\u00f3rc\u00f3w o ugruntowanej pozycji, jak i tych, kt\u00f3rzy dopiero rozpoczynaj\u0105 swoj\u0105 artystyczn\u0105 drog\u0119. Dzi\u0119ki cyklicznej realizacji konkursu, kolekcja rysunku wsp\u00f3\u0142czesnego w Muzeum Kres\u00f3w w Lubaczowie, wzbogacana o prace laureat\u00f3w i wyr\u00f3\u017cnionych uczestnik\u00f3w, stanowi [&hellip;]<\/p>\n","protected":false},"author":1,"featured_media":7668,"comment_status":"closed","ping_status":"closed","sticky":false,"template":"","format":"standard","meta":{"_et_pb_use_builder":"on","_et_pb_old_content":"","_et_gb_content_width":"","footnotes":""},"categories":[8],"tags":[],"class_list":["post-7665","post","type-post","status-publish","format-standard","has-post-thumbnail","hentry","category-wydarzenia"],"_links":{"self":[{"href":"https:\/\/format.asp.wroc.pl\/index.php\/wp-json\/wp\/v2\/posts\/7665","targetHints":{"allow":["GET"]}}],"collection":[{"href":"https:\/\/format.asp.wroc.pl\/index.php\/wp-json\/wp\/v2\/posts"}],"about":[{"href":"https:\/\/format.asp.wroc.pl\/index.php\/wp-json\/wp\/v2\/types\/post"}],"author":[{"embeddable":true,"href":"https:\/\/format.asp.wroc.pl\/index.php\/wp-json\/wp\/v2\/users\/1"}],"replies":[{"embeddable":true,"href":"https:\/\/format.asp.wroc.pl\/index.php\/wp-json\/wp\/v2\/comments?post=7665"}],"version-history":[{"count":3,"href":"https:\/\/format.asp.wroc.pl\/index.php\/wp-json\/wp\/v2\/posts\/7665\/revisions"}],"predecessor-version":[{"id":7670,"href":"https:\/\/format.asp.wroc.pl\/index.php\/wp-json\/wp\/v2\/posts\/7665\/revisions\/7670"}],"wp:featuredmedia":[{"embeddable":true,"href":"https:\/\/format.asp.wroc.pl\/index.php\/wp-json\/wp\/v2\/media\/7668"}],"wp:attachment":[{"href":"https:\/\/format.asp.wroc.pl\/index.php\/wp-json\/wp\/v2\/media?parent=7665"}],"wp:term":[{"taxonomy":"category","embeddable":true,"href":"https:\/\/format.asp.wroc.pl\/index.php\/wp-json\/wp\/v2\/categories?post=7665"},{"taxonomy":"post_tag","embeddable":true,"href":"https:\/\/format.asp.wroc.pl\/index.php\/wp-json\/wp\/v2\/tags?post=7665"}],"curies":[{"name":"wp","href":"https:\/\/api.w.org\/{rel}","templated":true}]}}