{"id":8252,"date":"2026-09-04T09:34:46","date_gmt":"2026-09-04T09:34:46","guid":{"rendered":"https:\/\/format.asp.wroc.pl\/?p=8252"},"modified":"2026-09-04T09:38:10","modified_gmt":"2026-09-04T09:38:10","slug":"8252","status":"publish","type":"post","link":"https:\/\/format.asp.wroc.pl\/index.php\/2026\/09\/04\/8252\/","title":{"rendered":"Domus Letteratura RUC Artist Residency og\u0142asza otwarty nab\u00f3r na MI\u0118DZYNARODOWE REZYDENCJE TW\u00d3RCZE. Ostatnie wolne miejsca na sezon jesienny 2026. Trwa nab\u00f3r na wiosn\u0119 2027"},"content":{"rendered":"<p>[et_pb_section fb_built=&#8221;1&#8243; _builder_version=&#8221;4.16.0&#8243; _module_preset=&#8221;default&#8221; custom_padding=&#8221;4px|||||&#8221; global_colors_info=&#8221;{}&#8221; theme_builder_area=&#8221;post_content&#8221;][et_pb_row _builder_version=&#8221;4.16&#8243; _module_preset=&#8221;default&#8221; custom_padding=&#8221;0px||0px|||&#8221; global_colors_info=&#8221;{}&#8221; theme_builder_area=&#8221;post_content&#8221;][et_pb_column type=&#8221;4_4&#8243; _builder_version=&#8221;4.16&#8243; _module_preset=&#8221;default&#8221; global_colors_info=&#8221;{}&#8221; theme_builder_area=&#8221;post_content&#8221;][et_pb_text _builder_version=&#8221;4.27.8&#8243; _module_preset=&#8221;default&#8221; custom_padding=&#8221;||0px|||&#8221; hover_enabled=&#8221;0&#8243; global_colors_info=&#8221;{}&#8221; theme_builder_area=&#8221;post_content&#8221; sticky_enabled=&#8221;0&#8243;]<\/p>\n<div style=\"text-align: justify;\">\n<p><strong>RUC Artist Residency oraz wchodz\u0105cy w sk\u0142ad kompleksu &#8211; Domus Letteratura, zlokalizowane w malowniczym, wpisanym na list\u0119 UNESCO regionie Valcamonica (W\u0142ochy), przypominaj\u0105 o trwaj\u0105cym otwartym naborze na interdyscyplinarne rezydencje tw\u00f3rcze i badawcze. Zosta\u0142y ju\u017c ostatnie miejsca na turnusy jesienne (do 15 listopada 2026 r.) i jednocze\u015bnie trwa rekrutacja na sezon wiosenny (1 marca \u2013 15 czerwca 2027 r.).<\/strong><\/p>\n<p><strong style=\"font-size: 14px;\">RANGA I CHARAKTER REZYDENCJI<\/strong><\/p>\n<p>Domus Letteratura funkcjonuje w ramach kompleksu RUC Artist Residency, kt\u00f3ry dzia\u0142a od 2018r i jest zrzeszony w presti\u017cowej sieci ResArtis. O\u015brodek go\u015bci artyst\u00f3w, badaczy i pisarzy z ca\u0142ego \u015bwiata, tworz\u0105c jedyne w swoim rodzaju miejsce dla wymiany my\u015bli.<br \/>Zaproszenie kierowane jest m.in. do \u015brodowisk zwi\u0105zanych z uczelniami artystycznymi (ASP), stowarzyszeniami literackimi oraz redakcjami magazyn\u00f3w kulturalnych. Nasz program dedykujemy ludziom kultury nie tylko artystom wizualnym, pisarzom, t\u0142umaczom, muzykom, czy kuratorom i badaczom. Ide\u0105 przewodni\u0105 programu jest \u201eCzarodziejska g\u00f3ra\u201d Tomasza Manna. Podczas rezydencji odkrywamy czas g\u0142\u0119boki i geopoetyk\u0119, rzemios\u0142o i tradycj\u0119 oraz zajmuj\u0105 nas somatopoetyka i rytua\u0142.<\/p>\n<p><strong>KORZY\u015aCI Z POBYTU I BUDOWANIE RELACJI<\/strong><\/p>\n<p>Udzia\u0142 w programie (w opcji BASIC lub rozszerzonej o wsparcie kuratorskie) to szansa na:<\/p>\n<p>&#8211; networking i wsp\u00f3\u0142prac\u0119 mi\u0119dzynarodow\u0105<br \/>&#8211; pe\u0142ne w\u0142\u0105czenie w \u015brodowisko tw\u00f3rc\u00f3w RUC, wymiana do\u015bwiadcze\u0144 oraz integracja z lokalnymi partnerami i instytucjami kultury we W\u0142oszech<br \/>&#8211; perspektyw\u0119 d\u0142ugofalowych dzia\u0142a\u0144<br \/>&#8211; fundacja traktuje pobyt jako punkt wyj\u015bcia do trwa\u0142ych relacji, oferuj\u0105c wybranym tw\u00f3rcom sta\u0142\u0105 wsp\u00f3\u0142prac\u0119 przy projektach wydawniczych, wystawienniczych, czy kuratorskich.<br \/>&#8211; wsparcie eksperckie<br \/>&#8211; mo\u017cliwo\u015b\u0107 udzia\u0142u w indywidualnych sesjach \u201eStudio Visit\u201d, krytycznej analizy i profesjonalnej pomocy w ustrukturyzowaniu projektu.<\/p>\n<p>Dodatkowo zapewniamy profesjonaln\u0105 dokumentacj\u0119 pracy i wsparcie w relacjach z mediami bran\u017cowymi.<\/p>\n<p>Z uwagi na niezale\u017cny charakter tej prywatnej inicjatywy, rezydenci pokrywaj\u0105 koszty zwi\u0105zane z baz\u0105 noclegow\u0105 i serwisem.<\/p>\n<p><strong>DOFINANSOWANIA<\/strong><\/p>\n<p>Aby u\u0142atwi\u0107 udzia\u0142 w programie, zakwalifikowanym tw\u00f3rcom wystawiamy oficjalne zaproszenie (Letter of Invitation), sygnowane wsp\u00f3lnie z w\u0142oskim operatorem rezydencji. Dokument ten spe\u0142nia wymogi przy ubieganiu si\u0119 o stypendia oraz mi\u0119dzynarodowe granty.<\/p>\n<p>To doskona\u0142y moment na zg\u0142oszenie, gdy\u017c w\u0142a\u015bnie trwaj\u0105 nabory na dofinansowania z Instytutu Adama Mickiewicza (IAM) oraz programu mobilno\u015bci Culture Moves Europe.<\/p>\n<p><strong>ZASADY APLIKACJI<\/strong><\/p>\n<p>Zg\u0142oszenie (w j\u0119zyku polskim lub angielskim) powinno zawiera\u0107: CV (do 3 stron), Project Statement (do 2 stron), Portfolio (dostosowane do dyscypliny tw\u00f3rcy) oraz Deklaracj\u0119 logistyczn\u0105 (wskazanie preferowanego terminu i wyb\u00f3r opcji pobytu).<\/p>\n<p><strong>KONTAKT<\/strong><\/p>\n<p>Aplikacje i zapytania prosimy kierowa\u0107 bezpo\u015brednio na adresy e-mail: office@misztal-v-blechinger.com lub zyta@misztal-v-blechinger.com<\/p>\n<p>Zapraszamy do odwiedzenia naszej strony internetowej oraz profilu na Instagramie, gdzie na bie\u017c\u0105co zamieszczamy relacje i dokumentacje z pobytu naszych dotychczasowych go\u015bci.<br \/>Wi\u0119cej szczeg\u00f3\u0142\u00f3w dotycz\u0105cych programu pod linkiem: <a href=\"https:\/\/domusletteratura.misztal-v-blechinger.com\/7ca6c-projects\/\">https:\/\/domusletteratura.misztal-v-blechinger.com\/7ca6c-projects\/<\/a><\/p>\n<\/div>\n<p>[\/et_pb_text][\/et_pb_column][\/et_pb_row][\/et_pb_section][et_pb_section fb_built=&#8221;1&#8243; _builder_version=&#8221;4.16.0&#8243; _module_preset=&#8221;default&#8221; custom_padding=&#8221;0px||0px|||&#8221; global_colors_info=&#8221;{}&#8221; theme_builder_area=&#8221;post_content&#8221;][et_pb_row use_custom_gutter=&#8221;on&#8221; gutter_width=&#8221;2&#8243; _builder_version=&#8221;4.16.0&#8243; _module_preset=&#8221;default&#8221; custom_padding=&#8221;0px|||||&#8221; global_colors_info=&#8221;{}&#8221; theme_builder_area=&#8221;post_content&#8221;][et_pb_column type=&#8221;4_4&#8243; _builder_version=&#8221;4.16.0&#8243; _module_preset=&#8221;default&#8221; global_colors_info=&#8221;{}&#8221; theme_builder_area=&#8221;post_content&#8221;][et_pb_gallery gallery_ids=&#8221;8255,8256,8257,8258,8259,8260&#8243; posts_number=&#8221;40&#8243; show_title_and_caption=&#8221;off&#8221; show_pagination=&#8221;off&#8221; _builder_version=&#8221;4.27.8&#8243; _module_preset=&#8221;default&#8221; custom_margin=&#8221;||20px|||&#8221; hover_enabled=&#8221;0&#8243; global_colors_info=&#8221;{}&#8221; theme_builder_area=&#8221;post_content&#8221; sticky_enabled=&#8221;0&#8243;][\/et_pb_gallery][\/et_pb_column][\/et_pb_row][\/et_pb_section]<\/p>\n","protected":false},"excerpt":{"rendered":"<p>RUC Artist Residency oraz wchodz\u0105cy w sk\u0142ad kompleksu &#8211; Domus Letteratura, zlokalizowane w malowniczym, wpisanym na list\u0119 UNESCO regionie Valcamonica (W\u0142ochy), przypominaj\u0105 o trwaj\u0105cym otwartym naborze na interdyscyplinarne rezydencje tw\u00f3rcze i badawcze. Zosta\u0142y ju\u017c ostatnie miejsca na turnusy jesienne (do 15 listopada 2026 r.) i jednocze\u015bnie trwa rekrutacja na sezon wiosenny (1 marca \u2013 15 [&hellip;]<\/p>\n","protected":false},"author":1,"featured_media":8255,"comment_status":"closed","ping_status":"closed","sticky":false,"template":"","format":"standard","meta":{"_et_pb_use_builder":"on","_et_pb_old_content":"","_et_gb_content_width":"","footnotes":""},"categories":[9,8],"tags":[],"class_list":["post-8252","post","type-post","status-publish","format-standard","has-post-thumbnail","hentry","category-polecane","category-wydarzenia"],"_links":{"self":[{"href":"https:\/\/format.asp.wroc.pl\/index.php\/wp-json\/wp\/v2\/posts\/8252","targetHints":{"allow":["GET"]}}],"collection":[{"href":"https:\/\/format.asp.wroc.pl\/index.php\/wp-json\/wp\/v2\/posts"}],"about":[{"href":"https:\/\/format.asp.wroc.pl\/index.php\/wp-json\/wp\/v2\/types\/post"}],"author":[{"embeddable":true,"href":"https:\/\/format.asp.wroc.pl\/index.php\/wp-json\/wp\/v2\/users\/1"}],"replies":[{"embeddable":true,"href":"https:\/\/format.asp.wroc.pl\/index.php\/wp-json\/wp\/v2\/comments?post=8252"}],"version-history":[{"count":9,"href":"https:\/\/format.asp.wroc.pl\/index.php\/wp-json\/wp\/v2\/posts\/8252\/revisions"}],"predecessor-version":[{"id":8273,"href":"https:\/\/format.asp.wroc.pl\/index.php\/wp-json\/wp\/v2\/posts\/8252\/revisions\/8273"}],"wp:featuredmedia":[{"embeddable":true,"href":"https:\/\/format.asp.wroc.pl\/index.php\/wp-json\/wp\/v2\/media\/8255"}],"wp:attachment":[{"href":"https:\/\/format.asp.wroc.pl\/index.php\/wp-json\/wp\/v2\/media?parent=8252"}],"wp:term":[{"taxonomy":"category","embeddable":true,"href":"https:\/\/format.asp.wroc.pl\/index.php\/wp-json\/wp\/v2\/categories?post=8252"},{"taxonomy":"post_tag","embeddable":true,"href":"https:\/\/format.asp.wroc.pl\/index.php\/wp-json\/wp\/v2\/tags?post=8252"}],"curies":[{"name":"wp","href":"https:\/\/api.w.org\/{rel}","templated":true}]}}